{"id":8480,"date":"2020-12-18T17:02:25","date_gmt":"2020-12-18T20:02:25","guid":{"rendered":"https:\/\/tvc16.com\/portal\/?p=8480"},"modified":"2020-12-18T17:11:39","modified_gmt":"2020-12-18T20:11:39","slug":"neste-sabado-tem-a-ultima-edicao-do-natal-musical-sobre-rodas-a-acao-foi-idealizada-pelo-petropolis-convention-visitors-bureau-pcvb","status":"publish","type":"post","link":"https:\/\/tvc16.com\/portal\/2020\/12\/18\/neste-sabado-tem-a-ultima-edicao-do-natal-musical-sobre-rodas-a-acao-foi-idealizada-pelo-petropolis-convention-visitors-bureau-pcvb\/","title":{"rendered":"Neste s\u00e1bado, tem a \u00faltima edi\u00e7\u00e3o do Natal Musical sobre Rodas. A a\u00e7\u00e3o foi idealizada pelo Petr\u00f3polis Convention &#038; Visitors Bureau (PC&#038;VB)"},"content":{"rendered":"\n<p><strong><br>A nova edi\u00e7\u00e3o do Natal Musical sobre Rodas ter\u00e1 mais carros e trajeto mais longo<\/strong><\/p>\n\n\n\n<p><br>O evento foi realizado pela primeira vez na semana passada e ser\u00e1 repetida neste dia 19, mais uma vez adaptada ao novo normal em fun\u00e7\u00e3o da pandemia do coronav\u00edrus. <\/p>\n\n\n\n<figure class=\"wp-block-image size-large is-style-default\"><img loading=\"lazy\" decoding=\"async\" width=\"1024\" height=\"896\" src=\"https:\/\/tvc16.com\/portal\/wp-content\/uploads\/2020\/12\/20201218_165619-1024x896.jpg\" alt=\"\" class=\"wp-image-8481\" srcset=\"https:\/\/tvc16.com\/portal\/wp-content\/uploads\/2020\/12\/20201218_165619-1024x896.jpg 1024w, https:\/\/tvc16.com\/portal\/wp-content\/uploads\/2020\/12\/20201218_165619-300x263.jpg 300w, https:\/\/tvc16.com\/portal\/wp-content\/uploads\/2020\/12\/20201218_165619-768x672.jpg 768w, https:\/\/tvc16.com\/portal\/wp-content\/uploads\/2020\/12\/20201218_165619.jpg 1080w\" sizes=\"auto, (max-width: 1024px) 100vw, 1024px\" \/><\/figure>\n\n\n\n<p>Como na primeira edi\u00e7\u00e3o, na impossibilidade de o p\u00fablico ir at\u00e9 o Papai Noel, o bom velhinho e a banda do 32\u00ba Batalh\u00e3o de Infantaria Motorizada (BIL) \u00e9 que ir\u00e3o percorrer algumas das principais ruas da cidade sobre carros, levando alegria \u00e0 popula\u00e7\u00e3o e aos visitantes nestes tempos t\u00e3o dif\u00edceis.<\/p>\n\n\n\n<figure class=\"wp-block-image size-large\"><img loading=\"lazy\" decoding=\"async\" width=\"1024\" height=\"852\" src=\"https:\/\/tvc16.com\/portal\/wp-content\/uploads\/2020\/12\/20201218_165711-1024x852.jpg\" alt=\"\" class=\"wp-image-8482\" srcset=\"https:\/\/tvc16.com\/portal\/wp-content\/uploads\/2020\/12\/20201218_165711-1024x852.jpg 1024w, https:\/\/tvc16.com\/portal\/wp-content\/uploads\/2020\/12\/20201218_165711-300x250.jpg 300w, https:\/\/tvc16.com\/portal\/wp-content\/uploads\/2020\/12\/20201218_165711-768x639.jpg 768w, https:\/\/tvc16.com\/portal\/wp-content\/uploads\/2020\/12\/20201218_165711.jpg 1080w\" sizes=\"auto, (max-width: 1024px) 100vw, 1024px\" \/><\/figure>\n\n\n\n<p><br>Nesta segunda edi\u00e7\u00e3o, algumas mudan\u00e7as v\u00e3o garantir mais seguran\u00e7a a todos os participantes: al\u00e9m dos quatro ve\u00edculos utilizados na semana passada, mais dois carros ser\u00e3o integrados ao comboio, assegurando maior distanciamento entre participantes do desfile. Todos obrigatoriamente dever\u00e3o utilizar m\u00e1scaras. No caminh\u00e3o com os m\u00fasicos da banda do Batalh\u00e3o tamb\u00e9m haver\u00e1 cuidado com o distanciamento e orienta\u00e7\u00e3o sobre o uso de m\u00e1scaras por aqueles que n\u00e3o usam instrumentos de sopro.&nbsp;<\/p>\n\n\n\n<p><\/p>\n\n\n\n<figure class=\"wp-block-image size-large\"><img loading=\"lazy\" decoding=\"async\" width=\"1024\" height=\"794\" src=\"https:\/\/tvc16.com\/portal\/wp-content\/uploads\/2020\/12\/20201218_165639-1024x794.jpg\" alt=\"\" class=\"wp-image-8485\" srcset=\"https:\/\/tvc16.com\/portal\/wp-content\/uploads\/2020\/12\/20201218_165639-1024x794.jpg 1024w, https:\/\/tvc16.com\/portal\/wp-content\/uploads\/2020\/12\/20201218_165639-300x233.jpg 300w, https:\/\/tvc16.com\/portal\/wp-content\/uploads\/2020\/12\/20201218_165639-768x595.jpg 768w, https:\/\/tvc16.com\/portal\/wp-content\/uploads\/2020\/12\/20201218_165639.jpg 1080w\" sizes=\"auto, (max-width: 1024px) 100vw, 1024px\" \/><\/figure>\n\n\n\n<p><br>O trajeto tamb\u00e9m foi alterado e ser\u00e1 mais longo neste s\u00e1bado. Agora, o grupo passar\u00e1 tamb\u00e9m pelo Bingen (indo at\u00e9 o polo de moda) e o Quitandinha (fazendo o contorno na altura do Sesc Quitandinha). <\/p>\n\n\n\n<figure class=\"wp-block-image size-large\"><img loading=\"lazy\" decoding=\"async\" width=\"768\" height=\"1024\" src=\"https:\/\/tvc16.com\/portal\/wp-content\/uploads\/2020\/12\/WhatsApp-Image-2020-12-16-at-19_42_35-768x1024.jpeg\" alt=\"\" class=\"wp-image-8483\" srcset=\"https:\/\/tvc16.com\/portal\/wp-content\/uploads\/2020\/12\/WhatsApp-Image-2020-12-16-at-19_42_35-768x1024.jpeg 768w, https:\/\/tvc16.com\/portal\/wp-content\/uploads\/2020\/12\/WhatsApp-Image-2020-12-16-at-19_42_35-225x300.jpeg 225w, https:\/\/tvc16.com\/portal\/wp-content\/uploads\/2020\/12\/WhatsApp-Image-2020-12-16-at-19_42_35.jpeg 864w\" sizes=\"auto, (max-width: 768px) 100vw, 768px\" \/><\/figure>\n\n\n\n<p><br>O comboio, que ter\u00e1 seis ve\u00edculos cedidos pela Jeep Tour e o P\u00e1tio 42, do empres\u00e1rio Fernando Morelli, n\u00e3o far\u00e1 paradas: sair\u00e1 do P\u00e1tio 42, no Bingen, por volta das 14h. Seguir\u00e1 pela Rua Dr. Paulo Herv\u00ea (sentido Bingen), passar\u00e1 pelo Polo de Modas e retornar\u00e1 perto da Rodovi\u00e1ria do Bingen. De l\u00e1 o grupo sguir\u00e1 em dire\u00e7\u00e3o \u00e0 Rua Paulino Afonso, Montecaseros, Roberto Silveira e Monsenhor Bacelar, seguindo para o Valpara\u00edso. Indo na dire\u00e7\u00e3o da Rua Marc\u00edlio Dias, Major Ricardo, Dr. Eug\u00eanio Barcelos e Marqu\u00eas do Paran\u00e1, saindo na Rua Coronel Veiga, pr\u00f3ximo a concession\u00e1ria Volkswagen.&nbsp;<br>O comboio ir\u00e1 em dire\u00e7\u00e3o ao Lago do Quitandinha e retornar\u00e1 pela Rua Coronel Veiga. O grupo ent\u00e3o voltar\u00e1 pela Washington Luiz em dire\u00e7\u00e3o ao Centro, passando pela Rua do Imperador e subindo a General Os\u00f3rio, Aureliano Coutinho e Rua Teresa at\u00e9 o Alto da Serra. Os ve\u00edculos far\u00e3o o retorno e voltar\u00e3o pela Dr. S\u00e1 Earp, passando pela Rua Visconde de Souza Franco, Rua do Imperador e Rua da Imperatriz.&nbsp;Em frente ao Museu Imperial e \u00e0 C\u00e2mara Municipal, o grupo vai retornar e seguir\u00e1 pela Irm\u00e3os D\u2019Angelo, 16 de Mar\u00e7o, Dr. Nelson de S\u00e1 Earp, Pra\u00e7a da Liberdade, Av.&nbsp; Roberto Silveira, Rua Padre Siqueira, 13 de Maio, Av. Tiradentes e Av. Ipiranga, em dire\u00e7\u00e3o a Rua Fonseca Ramos.&nbsp;O comboio seguir\u00e1 pelo Quissam\u00e3, Itamarati e Cascatinha, passando pelo Samambaia e chegando \u00e0 Estrada Mineira. Seguir\u00e1 por Corr\u00eaas at\u00e9 Nogueira, onde os ve\u00edculos ser\u00e3o desviados para a Estrada Uni\u00e3o e Ind\u00fastria, em dire\u00e7\u00e3o a Itaipava. O desfile seguir\u00e1 at\u00e9 a altura do Supermercado Bramil e retornar\u00e1, sendo encerrado no Shopping Esta\u00e7\u00e3o Itaipava.<\/p>\n\n\n\n<figure class=\"wp-block-image size-large\"><img loading=\"lazy\" decoding=\"async\" width=\"1024\" height=\"947\" src=\"https:\/\/tvc16.com\/portal\/wp-content\/uploads\/2020\/12\/20201218_165530-1024x947.jpg\" alt=\"\" class=\"wp-image-8484\" srcset=\"https:\/\/tvc16.com\/portal\/wp-content\/uploads\/2020\/12\/20201218_165530-1024x947.jpg 1024w, https:\/\/tvc16.com\/portal\/wp-content\/uploads\/2020\/12\/20201218_165530-300x278.jpg 300w, https:\/\/tvc16.com\/portal\/wp-content\/uploads\/2020\/12\/20201218_165530-768x710.jpg 768w, https:\/\/tvc16.com\/portal\/wp-content\/uploads\/2020\/12\/20201218_165530.jpg 1080w\" sizes=\"auto, (max-width: 1024px) 100vw, 1024px\" \/><\/figure>\n","protected":false},"excerpt":{"rendered":"<p>A nova edi\u00e7\u00e3o do Natal Musical sobre Rodas ter\u00e1 mais carros e trajeto mais longo<\/p>\n","protected":false},"author":2,"featured_media":8488,"comment_status":"open","ping_status":"open","sticky":false,"template":"","format":"standard","meta":{"footnotes":""},"categories":[12],"tags":[],"class_list":["post-8480","post","type-post","status-publish","format-standard","has-post-thumbnail","hentry","category-cidade"],"_links":{"self":[{"href":"https:\/\/tvc16.com\/portal\/wp-json\/wp\/v2\/posts\/8480","targetHints":{"allow":["GET"]}}],"collection":[{"href":"https:\/\/tvc16.com\/portal\/wp-json\/wp\/v2\/posts"}],"about":[{"href":"https:\/\/tvc16.com\/portal\/wp-json\/wp\/v2\/types\/post"}],"author":[{"embeddable":true,"href":"https:\/\/tvc16.com\/portal\/wp-json\/wp\/v2\/users\/2"}],"replies":[{"embeddable":true,"href":"https:\/\/tvc16.com\/portal\/wp-json\/wp\/v2\/comments?post=8480"}],"version-history":[{"count":2,"href":"https:\/\/tvc16.com\/portal\/wp-json\/wp\/v2\/posts\/8480\/revisions"}],"predecessor-version":[{"id":8489,"href":"https:\/\/tvc16.com\/portal\/wp-json\/wp\/v2\/posts\/8480\/revisions\/8489"}],"wp:featuredmedia":[{"embeddable":true,"href":"https:\/\/tvc16.com\/portal\/wp-json\/wp\/v2\/media\/8488"}],"wp:attachment":[{"href":"https:\/\/tvc16.com\/portal\/wp-json\/wp\/v2\/media?parent=8480"}],"wp:term":[{"taxonomy":"category","embeddable":true,"href":"https:\/\/tvc16.com\/portal\/wp-json\/wp\/v2\/categories?post=8480"},{"taxonomy":"post_tag","embeddable":true,"href":"https:\/\/tvc16.com\/portal\/wp-json\/wp\/v2\/tags?post=8480"}],"curies":[{"name":"wp","href":"https:\/\/api.w.org\/{rel}","templated":true}]}}