{"id":8490,"date":"2020-12-18T18:56:38","date_gmt":"2020-12-18T21:56:38","guid":{"rendered":"https:\/\/tvc16.com\/portal\/?p=8490"},"modified":"2020-12-18T18:56:40","modified_gmt":"2020-12-18T21:56:40","slug":"prefeitura-entrega-cestas-de-natal-para-funcionarios-da-comdep","status":"publish","type":"post","link":"https:\/\/tvc16.com\/portal\/2020\/12\/18\/prefeitura-entrega-cestas-de-natal-para-funcionarios-da-comdep\/","title":{"rendered":"Prefeitura entrega cestas de Natal para funcion\u00e1rios da Comdep"},"content":{"rendered":"\n<p><strong>Funcion\u00e1rios da Comdep recebem cesta de Natal<\/strong><\/p>\n\n\n\n<p>Mais de mil funcion\u00e1rios da Comdep receberam nesta sexta-feira (18) as cestas de Natal entregues pela prefeitura. Em tempos de pandemia, a orienta\u00e7\u00e3o do munic\u00edpio \u00e9 para que as comemora\u00e7\u00f5es de fim de ano se restrinjam ao n\u00facleo familiar e sem aglomera\u00e7\u00f5es, mas todos os trabalhadores da companhia ter\u00e3o uma ceia mais recheada. \u00a0\u00a0 \u00a0A cesta conta com peru, biscoitos, frutas secas, entre outros produtos doces e salgados.<\/p>\n\n\n\n<figure class=\"wp-block-image size-large\"><img loading=\"lazy\" decoding=\"async\" width=\"576\" height=\"1024\" src=\"https:\/\/tvc16.com\/portal\/wp-content\/uploads\/2020\/12\/WhatsApp-Image-2020-12-18-at-16_38_31-2.jpeg\" alt=\"\" class=\"wp-image-8492\" srcset=\"https:\/\/tvc16.com\/portal\/wp-content\/uploads\/2020\/12\/WhatsApp-Image-2020-12-18-at-16_38_31-2.jpeg 576w, https:\/\/tvc16.com\/portal\/wp-content\/uploads\/2020\/12\/WhatsApp-Image-2020-12-18-at-16_38_31-2-169x300.jpeg 169w\" sizes=\"auto, (max-width: 576px) 100vw, 576px\" \/><\/figure>\n\n\n\n<p><br>\u201c\u00c9 importante lembrar que esta \u00e9 s\u00f3 uma forma de agradecer por tudo que os funcion\u00e1rios da Comdep fazem por Petr\u00f3polis. E durante todo o governo sempre procuramos valorizar esses trabalhadores. Criamos o PCCS (Plano de Cargos, Carreiras e Sal\u00e1rios) da Comdep \u2013 1\u00aa vez em 40 anos que esses funcion\u00e1rios ter\u00e3o essa valoriza\u00e7\u00e3o; entregamos equipamentos de prote\u00e7\u00e3o individual; quitamos R$ 363 mil d\u00edvidas com pens\u00f5es e consignados dos trabalhadores, que foram descontados dos sal\u00e1rios at\u00e9 2016 e n\u00e3o haviam sido repassados; al\u00e9m das 13 mil cestas b\u00e1sicas que s\u00e3o entregues por ano\u201d, destaca o prefeito Bernardo Rossi.<\/p>\n\n\n\n<figure class=\"wp-block-image size-large\"><img loading=\"lazy\" decoding=\"async\" width=\"576\" height=\"1024\" src=\"https:\/\/tvc16.com\/portal\/wp-content\/uploads\/2020\/12\/WhatsApp-Image-2020-12-18-at-16_39_15-10.jpeg\" alt=\"\" class=\"wp-image-8491\" srcset=\"https:\/\/tvc16.com\/portal\/wp-content\/uploads\/2020\/12\/WhatsApp-Image-2020-12-18-at-16_39_15-10.jpeg 576w, https:\/\/tvc16.com\/portal\/wp-content\/uploads\/2020\/12\/WhatsApp-Image-2020-12-18-at-16_39_15-10-169x300.jpeg 169w\" sizes=\"auto, (max-width: 576px) 100vw, 576px\" \/><\/figure>\n\n\n\n<p><br>A Comdep \u00e9 respons\u00e1vel por servi\u00e7os de limpeza (como remo\u00e7\u00e3o de entulho e capina), pequenas obras (respons\u00e1veis pela conserva\u00e7\u00e3o de pra\u00e7as, parquinhos, pintura, instala\u00e7\u00e3o de lixeiras fixas, manuten\u00e7\u00e3o de chafarizes), jardinagem (plantio de mudas, corte e poda de \u00e1rvores), varri\u00e7\u00e3o de ruas, entre outros. A Companhia oferece a eles caf\u00e9 da manh\u00e3, refei\u00e7\u00f5es (almo\u00e7o e janta) e cestas b\u00e1sicas. Os servidores tamb\u00e9m receberam, na atual administra\u00e7\u00e3o, novas pe\u00e7as do uniforme (camisas, jalecos, cal\u00e7as).<br>\u201cQueremos muito agradecer todo o trabalho de cada um dos funcion\u00e1rios da Comdep durante este ano\u201d, frisa o presidente da Comdep, Wagner Silva.<\/p>\n","protected":false},"excerpt":{"rendered":"<p>Funcion\u00e1rios da Comdep recebem cesta de Natal Mais de mil funcion\u00e1rios da Comdep receberam nesta<\/p>\n","protected":false},"author":2,"featured_media":8493,"comment_status":"open","ping_status":"open","sticky":false,"template":"","format":"standard","meta":{"footnotes":""},"categories":[12],"tags":[],"class_list":["post-8490","post","type-post","status-publish","format-standard","has-post-thumbnail","hentry","category-cidade"],"_links":{"self":[{"href":"https:\/\/tvc16.com\/portal\/wp-json\/wp\/v2\/posts\/8490","targetHints":{"allow":["GET"]}}],"collection":[{"href":"https:\/\/tvc16.com\/portal\/wp-json\/wp\/v2\/posts"}],"about":[{"href":"https:\/\/tvc16.com\/portal\/wp-json\/wp\/v2\/types\/post"}],"author":[{"embeddable":true,"href":"https:\/\/tvc16.com\/portal\/wp-json\/wp\/v2\/users\/2"}],"replies":[{"embeddable":true,"href":"https:\/\/tvc16.com\/portal\/wp-json\/wp\/v2\/comments?post=8490"}],"version-history":[{"count":1,"href":"https:\/\/tvc16.com\/portal\/wp-json\/wp\/v2\/posts\/8490\/revisions"}],"predecessor-version":[{"id":8494,"href":"https:\/\/tvc16.com\/portal\/wp-json\/wp\/v2\/posts\/8490\/revisions\/8494"}],"wp:featuredmedia":[{"embeddable":true,"href":"https:\/\/tvc16.com\/portal\/wp-json\/wp\/v2\/media\/8493"}],"wp:attachment":[{"href":"https:\/\/tvc16.com\/portal\/wp-json\/wp\/v2\/media?parent=8490"}],"wp:term":[{"taxonomy":"category","embeddable":true,"href":"https:\/\/tvc16.com\/portal\/wp-json\/wp\/v2\/categories?post=8490"},{"taxonomy":"post_tag","embeddable":true,"href":"https:\/\/tvc16.com\/portal\/wp-json\/wp\/v2\/tags?post=8490"}],"curies":[{"name":"wp","href":"https:\/\/api.w.org\/{rel}","templated":true}]}}