{"id":8495,"date":"2020-12-18T19:21:47","date_gmt":"2020-12-18T22:21:47","guid":{"rendered":"https:\/\/tvc16.com\/portal\/?p=8495"},"modified":"2020-12-18T19:21:49","modified_gmt":"2020-12-18T22:21:49","slug":"upa-centro-sera-transformada-em-upa-vermelha-a-partir-deste-sabado-19-e-mais-47-vagas-serao-abertas-para-pacientes-acometidos-pela-covid-19","status":"publish","type":"post","link":"https:\/\/tvc16.com\/portal\/2020\/12\/18\/upa-centro-sera-transformada-em-upa-vermelha-a-partir-deste-sabado-19-e-mais-47-vagas-serao-abertas-para-pacientes-acometidos-pela-covid-19\/","title":{"rendered":"UPA Centro ser\u00e1 transformada em UPA Vermelha a partir deste s\u00e1bado (19) e mais 47 vagas ser\u00e3o abertas para pacientes acometidos pela Covid -19"},"content":{"rendered":"\n<p>O prefeito Bernardo Rossi anunciou, durante visita ao Hospital Nossa Senhora de Aparecida (HNSA) na tarde desta sexta-feira (18), a abertura de mais 47 leitos voltados \u00e0 interna\u00e7\u00e3o de pacientes infectados pela COVID-19 no munic\u00edpio. Junto \u00e0s vagas, outras medidas entrar\u00e3o em vigor na Cidade, como a transforma\u00e7\u00e3o da UPA Centro em UPA Vermelha, voltada com exclusividade ao tratamento dos pacientes contaminados pelo Coronav\u00edrus. O funcionamento da unidade ter\u00e1 in\u00edcio a partir de amanh\u00e3 (19).<\/p>\n\n\n\n<figure class=\"wp-block-image size-large\"><img loading=\"lazy\" decoding=\"async\" width=\"1024\" height=\"768\" src=\"https:\/\/tvc16.com\/portal\/wp-content\/uploads\/2020\/12\/WhatsApp-Image-2020-12-18-at-16_48_05-1024x768.jpeg\" alt=\"\" class=\"wp-image-8496\" srcset=\"https:\/\/tvc16.com\/portal\/wp-content\/uploads\/2020\/12\/WhatsApp-Image-2020-12-18-at-16_48_05-1024x768.jpeg 1024w, https:\/\/tvc16.com\/portal\/wp-content\/uploads\/2020\/12\/WhatsApp-Image-2020-12-18-at-16_48_05-300x225.jpeg 300w, https:\/\/tvc16.com\/portal\/wp-content\/uploads\/2020\/12\/WhatsApp-Image-2020-12-18-at-16_48_05-768x576.jpeg 768w, https:\/\/tvc16.com\/portal\/wp-content\/uploads\/2020\/12\/WhatsApp-Image-2020-12-18-at-16_48_05-200x150.jpeg 200w, https:\/\/tvc16.com\/portal\/wp-content\/uploads\/2020\/12\/WhatsApp-Image-2020-12-18-at-16_48_05.jpeg 1280w\" sizes=\"auto, (max-width: 1024px) 100vw, 1024px\" \/><\/figure>\n\n\n\n<p>\u201cVamos agir com o rigor que a pandemia determina. Estamos abrindo ainda mais leitos para a interna\u00e7\u00e3o de pessoas que necessitam de interven\u00e7\u00e3o m\u00e9dica de urg\u00eancia, estamos transformando a partir de amanh\u00e3 a UPA Centro em UPA Vermelha para o tratamento imediato dos pacientes e, tamb\u00e9m, intensificando as nossas barreiras sanit\u00e1rias com mais agentes e for\u00e7as de seguran\u00e7a, para que consigamos proteger a popula\u00e7\u00e3o da doen\u00e7a. Volto a pedir para que todos nos ajudem nessa luta evitando as aglomera\u00e7\u00f5es e seguindo as orienta\u00e7\u00f5es da sa\u00fade, e lembro que mantenho firme nosso compromisso em salvar ainda mais vidas na cidade\u201d, afirmou o prefeito.<\/p>\n\n\n\n<figure class=\"wp-block-image size-large\"><img loading=\"lazy\" decoding=\"async\" width=\"1024\" height=\"768\" src=\"https:\/\/tvc16.com\/portal\/wp-content\/uploads\/2020\/12\/WhatsApp-Image-2020-12-18-at-16_48_07-1024x768.jpeg\" alt=\"\" class=\"wp-image-8497\" srcset=\"https:\/\/tvc16.com\/portal\/wp-content\/uploads\/2020\/12\/WhatsApp-Image-2020-12-18-at-16_48_07-1024x768.jpeg 1024w, https:\/\/tvc16.com\/portal\/wp-content\/uploads\/2020\/12\/WhatsApp-Image-2020-12-18-at-16_48_07-300x225.jpeg 300w, https:\/\/tvc16.com\/portal\/wp-content\/uploads\/2020\/12\/WhatsApp-Image-2020-12-18-at-16_48_07-768x576.jpeg 768w, https:\/\/tvc16.com\/portal\/wp-content\/uploads\/2020\/12\/WhatsApp-Image-2020-12-18-at-16_48_07-200x150.jpeg 200w, https:\/\/tvc16.com\/portal\/wp-content\/uploads\/2020\/12\/WhatsApp-Image-2020-12-18-at-16_48_07.jpeg 1280w\" sizes=\"auto, (max-width: 1024px) 100vw, 1024px\" \/><\/figure>\n\n\n\n<p>No Hospital Nossa Senhora de Aparecida (HNSA), onde o prefeito e o vice-prefeito estiveram hoje, 12 leitos ser\u00e3o abertos nos pr\u00f3ximos dias, totalizando 48 leitos de UTI espec\u00edficos \u00e0 interna\u00e7\u00e3o de pacientes da COVID-19. No SMH, mais 05 leitos de UTI-COVID tamb\u00e9m ser\u00e3o disponibilizados at\u00e9 a pr\u00f3xima segunda-feira. Outras 10 vagas ser\u00e3o abertas no Hospital Alcides Carneiro, em Corr\u00eaas. Al\u00e9m disso, com a transforma\u00e7\u00e3o da UPA Centro em UPA Vermelha, mais 20 leitos ser\u00e3o abertos, sendo 12 leitos de UTI e 08 de cl\u00ednica m\u00e9dica.<\/p>\n","protected":false},"excerpt":{"rendered":"<p>O prefeito Bernardo Rossi anunciou, durante visita ao Hospital Nossa Senhora de Aparecida (HNSA) na<\/p>\n","protected":false},"author":2,"featured_media":8498,"comment_status":"open","ping_status":"open","sticky":false,"template":"","format":"standard","meta":{"footnotes":""},"categories":[12],"tags":[],"class_list":["post-8495","post","type-post","status-publish","format-standard","has-post-thumbnail","hentry","category-cidade"],"_links":{"self":[{"href":"https:\/\/tvc16.com\/portal\/wp-json\/wp\/v2\/posts\/8495","targetHints":{"allow":["GET"]}}],"collection":[{"href":"https:\/\/tvc16.com\/portal\/wp-json\/wp\/v2\/posts"}],"about":[{"href":"https:\/\/tvc16.com\/portal\/wp-json\/wp\/v2\/types\/post"}],"author":[{"embeddable":true,"href":"https:\/\/tvc16.com\/portal\/wp-json\/wp\/v2\/users\/2"}],"replies":[{"embeddable":true,"href":"https:\/\/tvc16.com\/portal\/wp-json\/wp\/v2\/comments?post=8495"}],"version-history":[{"count":1,"href":"https:\/\/tvc16.com\/portal\/wp-json\/wp\/v2\/posts\/8495\/revisions"}],"predecessor-version":[{"id":8499,"href":"https:\/\/tvc16.com\/portal\/wp-json\/wp\/v2\/posts\/8495\/revisions\/8499"}],"wp:featuredmedia":[{"embeddable":true,"href":"https:\/\/tvc16.com\/portal\/wp-json\/wp\/v2\/media\/8498"}],"wp:attachment":[{"href":"https:\/\/tvc16.com\/portal\/wp-json\/wp\/v2\/media?parent=8495"}],"wp:term":[{"taxonomy":"category","embeddable":true,"href":"https:\/\/tvc16.com\/portal\/wp-json\/wp\/v2\/categories?post=8495"},{"taxonomy":"post_tag","embeddable":true,"href":"https:\/\/tvc16.com\/portal\/wp-json\/wp\/v2\/tags?post=8495"}],"curies":[{"name":"wp","href":"https:\/\/api.w.org\/{rel}","templated":true}]}}