{"id":8500,"date":"2020-12-18T22:43:01","date_gmt":"2020-12-19T01:43:01","guid":{"rendered":"https:\/\/tvc16.com\/portal\/?p=8500"},"modified":"2020-12-18T22:43:03","modified_gmt":"2020-12-19T01:43:03","slug":"quinhentos-policiais-militares-do-concurso-publico-de-2014-se-formaram-nesta-sexta-feira-18-no-centro-de-formacao-e-aperfeicoamento-de-pracas-cfap-em-sulacap-na-zona-oeste","status":"publish","type":"post","link":"https:\/\/tvc16.com\/portal\/2020\/12\/18\/quinhentos-policiais-militares-do-concurso-publico-de-2014-se-formaram-nesta-sexta-feira-18-no-centro-de-formacao-e-aperfeicoamento-de-pracas-cfap-em-sulacap-na-zona-oeste\/","title":{"rendered":"Quinhentos policiais militares do concurso p\u00fablico de 2014 se formaram, nesta sexta-feira (18), no Centro de Forma\u00e7\u00e3o e Aperfei\u00e7oamento de Pra\u00e7as (CFAP), em Sulacap, na Zona Oeste"},"content":{"rendered":"\n<p><em>O governador em exerc\u00edcio Cl\u00e1udio Castro e o presidente Jair Bolsonaro participaram da cerim\u00f4nia nesta sexta-feira <\/em> A cerim\u00f4nia contou com a presen\u00e7a do governador em exerc\u00edcio Cl\u00e1udio Castro e do presidente da Rep\u00fablica, Jair Bolsonaro. Atualmente, cerca de 1,5 mil alunos est\u00e3o em forma\u00e7\u00e3o no CFAP.<\/p>\n\n\n\n<p>&#8211; Estes policiais esperaram muito pela chance de servir ao Estado e \u00e0 p\u00e1tria. A Pol\u00edcia Militar do Estado do Rio de Janeiro precisa estar cada dia mais capacitada para todos os desafios que surgirem. Ao mesmo tempo que os nossos PMs protegem a sociedade, trabalharemos todos os dias para zerar os \u00edndices de policiais abatidos. Cada PM morto \u00e9 uma vida, um sonho interrompido &#8211; disse Cl\u00e1udio Castro.<\/p>\n\n\n\n<p>O grupo de novos pra\u00e7as faz parte da segunda turma de alunos que ingressaram no curso de forma\u00e7\u00e3o em 2019. Por conta da pandemia, o CFAP teve que reformular seu calend\u00e1rio de aulas. O retorno das atividades ocorreu em agosto. Os alunos da Turma Aluno CFSd Rodrigo Leite de Almeida, homenagem a um formando que faleceu ap\u00f3s atropelamento em agosto de 2020, estudaram a filosofia do policiamento de proximidade e t\u00e9cnicas de patrulhamento. Os novos PMs tamb\u00e9m receberam capacita\u00e7\u00e3o para porte e uso de armamentos.<\/p>\n\n\n\n<figure class=\"wp-block-image size-large\"><img loading=\"lazy\" decoding=\"async\" width=\"1024\" height=\"476\" src=\"https:\/\/tvc16.com\/portal\/wp-content\/uploads\/2020\/12\/Policia-Militar-forma-500-novos-soldados-1024x476.jpg\" alt=\"\" class=\"wp-image-8501\" srcset=\"https:\/\/tvc16.com\/portal\/wp-content\/uploads\/2020\/12\/Policia-Militar-forma-500-novos-soldados-1024x476.jpg 1024w, https:\/\/tvc16.com\/portal\/wp-content\/uploads\/2020\/12\/Policia-Militar-forma-500-novos-soldados-300x139.jpg 300w, https:\/\/tvc16.com\/portal\/wp-content\/uploads\/2020\/12\/Policia-Militar-forma-500-novos-soldados-768x357.jpg 768w, https:\/\/tvc16.com\/portal\/wp-content\/uploads\/2020\/12\/Policia-Militar-forma-500-novos-soldados-1536x714.jpg 1536w, https:\/\/tvc16.com\/portal\/wp-content\/uploads\/2020\/12\/Policia-Militar-forma-500-novos-soldados.jpg 1837w\" sizes=\"auto, (max-width: 1024px) 100vw, 1024px\" \/><\/figure>\n\n\n\n<p>Primeiro policial militar na fam\u00edlia, o soldado Adriano Boanerges, de 35 anos, comemorou com emo\u00e7\u00e3o a formatura.<\/p>\n\n\n\n<p>&#8211; Hoje posso dizer: sou um soldado da Pol\u00edcia Militar. \u00c9 uma trajet\u00f3ria de muita luta e garra. Esperamos muito tempo por esta formatura, aguardamos uma pandemia mundial e aqui estamos. O curso n\u00e3o foi f\u00e1cil, e fica dif\u00edcil at\u00e9 explicar este momento. Hoje \u00e9 um dia muito especial. Acredito que a Pol\u00edcia Militar escolhe a gente.&nbsp;Servir e proteger a popula\u00e7\u00e3o \u00e9 uma grande miss\u00e3o \u2013 afirmou o policial, que \u00e9 casado e tem dois filhos.<\/p>\n\n\n\n<p>Tamb\u00e9m participaram da cerim\u00f4nia de formatura o secret\u00e1rio da Casa Civil, Nicola Miccione, o ministro do Meio Ambiente, Ricardo Salles, o ministro da Casa Civil, general Walter Braga Netto, e o senador Fl\u00e1vio Bolsonaro.<\/p>\n\n\n\n<p><strong>Fotos: Carlos Magno<\/strong><\/p>\n","protected":false},"excerpt":{"rendered":"<p>O governador em exerc\u00edcio Cl\u00e1udio Castro e o presidente Jair Bolsonaro participaram da cerim\u00f4nia nesta<\/p>\n","protected":false},"author":2,"featured_media":8502,"comment_status":"open","ping_status":"open","sticky":false,"template":"","format":"standard","meta":{"footnotes":""},"categories":[17],"tags":[],"class_list":["post-8500","post","type-post","status-publish","format-standard","has-post-thumbnail","hentry","category-outras-noticias"],"_links":{"self":[{"href":"https:\/\/tvc16.com\/portal\/wp-json\/wp\/v2\/posts\/8500","targetHints":{"allow":["GET"]}}],"collection":[{"href":"https:\/\/tvc16.com\/portal\/wp-json\/wp\/v2\/posts"}],"about":[{"href":"https:\/\/tvc16.com\/portal\/wp-json\/wp\/v2\/types\/post"}],"author":[{"embeddable":true,"href":"https:\/\/tvc16.com\/portal\/wp-json\/wp\/v2\/users\/2"}],"replies":[{"embeddable":true,"href":"https:\/\/tvc16.com\/portal\/wp-json\/wp\/v2\/comments?post=8500"}],"version-history":[{"count":1,"href":"https:\/\/tvc16.com\/portal\/wp-json\/wp\/v2\/posts\/8500\/revisions"}],"predecessor-version":[{"id":8503,"href":"https:\/\/tvc16.com\/portal\/wp-json\/wp\/v2\/posts\/8500\/revisions\/8503"}],"wp:featuredmedia":[{"embeddable":true,"href":"https:\/\/tvc16.com\/portal\/wp-json\/wp\/v2\/media\/8502"}],"wp:attachment":[{"href":"https:\/\/tvc16.com\/portal\/wp-json\/wp\/v2\/media?parent=8500"}],"wp:term":[{"taxonomy":"category","embeddable":true,"href":"https:\/\/tvc16.com\/portal\/wp-json\/wp\/v2\/categories?post=8500"},{"taxonomy":"post_tag","embeddable":true,"href":"https:\/\/tvc16.com\/portal\/wp-json\/wp\/v2\/tags?post=8500"}],"curies":[{"name":"wp","href":"https:\/\/api.w.org\/{rel}","templated":true}]}}