{"id":8504,"date":"2020-12-18T22:50:02","date_gmt":"2020-12-19T01:50:02","guid":{"rendered":"https:\/\/tvc16.com\/portal\/?p=8504"},"modified":"2020-12-18T22:50:04","modified_gmt":"2020-12-19T01:50:04","slug":"justica-determina-que-prefeitura-do-rio-pague-cartao-alimentacao-de-dezembro-a-alunos-da-rede-municipal","status":"publish","type":"post","link":"https:\/\/tvc16.com\/portal\/2020\/12\/18\/justica-determina-que-prefeitura-do-rio-pague-cartao-alimentacao-de-dezembro-a-alunos-da-rede-municipal\/","title":{"rendered":"Justi\u00e7a determina que Prefeitura do Rio pague cart\u00e3o alimenta\u00e7\u00e3o de dezembro a alunos da rede municipal"},"content":{"rendered":"\n<p><br>O juiz S\u00e9rgio Luiz Ribeiro da 1\u00aa Vara da Inf\u00e2ncia da Capital determinou hoje (18) que a Prefeitura do Rio fa\u00e7a o pagamento do cart\u00e3o alimenta\u00e7\u00e3o dos estudantes da rede municipal de Educa\u00e7\u00e3o, referente ao m\u00eas de dezembro, em at\u00e9 48 horas ap\u00f3s a intima\u00e7\u00e3o. Nesta quinta-feira (17), a Defensoria P\u00fablica entrou com requerimento de execu\u00e7\u00e3o contra o Munic\u00edpio por descumprimento do acordo firmado em agosto, que previa o cr\u00e9dito de R$ 54,25 para cada aluno, a ser pago no dia 10 de cada m\u00eas enquanto as escolas estivessem fechadas.<br><br>Ao tomar conhecimento do n\u00e3o pagamento do cr\u00e9dito em dezembro, a Coordenadoria da Inf\u00e2ncia e Juventude, da DPRJ, enviou of\u00edcio na segunda-feira (14) \u00e0 Secretaria Municipal de Educa\u00e7\u00e3o do Rio e \u00e0 Procuradoria Geral do Munic\u00edpio do Rio, dando um prazo de 48 horas para uma explica\u00e7\u00e3o, mas n\u00e3o teve resposta.\u00a0<br><br>\u00a0De acordo com as den\u00fancias recebidas pela Ouvidoria da Defensoria, a Prefeitura teria argumentado \u00e0s fam\u00edlias que os cr\u00e9ditos n\u00e3o seriam feitos em dezembro, em virtude do recesso escolar. No entanto, conforme calend\u00e1rio divulgado no site da pr\u00f3pria prefeitura, o recesso se inicia apenas no dia 24 de dezembro. Al\u00e9m de os alunos ainda estarem em per\u00edodo de aula no dia 10 de dezembro, a Coordenadoria lembrou, no of\u00edcio, que a quantia se refere aos meses vencidos e n\u00e3o a vencer. Veja a decis\u00e3o aqui: https:\/\/bit.ly\/3mwDVaK<\/p>\n","protected":false},"excerpt":{"rendered":"<p>O juiz S\u00e9rgio Luiz Ribeiro da 1\u00aa Vara da Inf\u00e2ncia da Capital determinou hoje (18)<\/p>\n","protected":false},"author":2,"featured_media":8505,"comment_status":"open","ping_status":"open","sticky":false,"template":"","format":"standard","meta":{"footnotes":""},"categories":[17],"tags":[],"class_list":["post-8504","post","type-post","status-publish","format-standard","has-post-thumbnail","hentry","category-outras-noticias"],"_links":{"self":[{"href":"https:\/\/tvc16.com\/portal\/wp-json\/wp\/v2\/posts\/8504","targetHints":{"allow":["GET"]}}],"collection":[{"href":"https:\/\/tvc16.com\/portal\/wp-json\/wp\/v2\/posts"}],"about":[{"href":"https:\/\/tvc16.com\/portal\/wp-json\/wp\/v2\/types\/post"}],"author":[{"embeddable":true,"href":"https:\/\/tvc16.com\/portal\/wp-json\/wp\/v2\/users\/2"}],"replies":[{"embeddable":true,"href":"https:\/\/tvc16.com\/portal\/wp-json\/wp\/v2\/comments?post=8504"}],"version-history":[{"count":1,"href":"https:\/\/tvc16.com\/portal\/wp-json\/wp\/v2\/posts\/8504\/revisions"}],"predecessor-version":[{"id":8506,"href":"https:\/\/tvc16.com\/portal\/wp-json\/wp\/v2\/posts\/8504\/revisions\/8506"}],"wp:featuredmedia":[{"embeddable":true,"href":"https:\/\/tvc16.com\/portal\/wp-json\/wp\/v2\/media\/8505"}],"wp:attachment":[{"href":"https:\/\/tvc16.com\/portal\/wp-json\/wp\/v2\/media?parent=8504"}],"wp:term":[{"taxonomy":"category","embeddable":true,"href":"https:\/\/tvc16.com\/portal\/wp-json\/wp\/v2\/categories?post=8504"},{"taxonomy":"post_tag","embeddable":true,"href":"https:\/\/tvc16.com\/portal\/wp-json\/wp\/v2\/tags?post=8504"}],"curies":[{"name":"wp","href":"https:\/\/api.w.org\/{rel}","templated":true}]}}