{"id":8507,"date":"2020-12-18T22:55:47","date_gmt":"2020-12-19T01:55:47","guid":{"rendered":"https:\/\/tvc16.com\/portal\/?p=8507"},"modified":"2020-12-18T22:55:49","modified_gmt":"2020-12-19T01:55:49","slug":"ministerio-da-saude-esclarece-que-nao-estabeleceu-data-para-o-inicio-da-vacinacao-contra-a-covid-19","status":"publish","type":"post","link":"https:\/\/tvc16.com\/portal\/2020\/12\/18\/ministerio-da-saude-esclarece-que-nao-estabeleceu-data-para-o-inicio-da-vacinacao-contra-a-covid-19\/","title":{"rendered":"Minist\u00e9rio da Sa\u00fade esclarece que n\u00e3o estabeleceu data para o in\u00edcio da vacina\u00e7\u00e3o contra a Covid-19"},"content":{"rendered":"\n<p>As not\u00edcias veiculadas que citam o dia 21 de janeiro como uma poss\u00edvel data para o in\u00edcio da campanha de imuniza\u00e7\u00e3o n\u00e3o s\u00e3o verdadeiras<\/p>\n\n\n\n<p>O Minist\u00e9rio da Sa\u00fade esclareceu que n\u00e3o estabeleceu qualquer data para o in\u00edcio da vacina\u00e7\u00e3o contra a Covid-19 no Brasil, isso porque n\u00e3o existe sequer pedido de registro realizado por nenhum laborat\u00f3rio junto \u00e0 Ag\u00eancia Nacional de Vigil\u00e2ncia Sanit\u00e1ria (Anvisa).<\/p>\n\n\n\n<p>As not\u00edcias veiculadas que citam o dia 21 de janeiro como uma poss\u00edvel data para o in\u00edcio da campanha de imuniza\u00e7\u00e3o n\u00e3o s\u00e3o verdadeiras. Memorandos de inten\u00e7\u00e3o de compras j\u00e1 foram devidamente firmados pela pasta com uma s\u00e9rie de laborat\u00f3rios, conforme divulgado.&nbsp;<\/p>\n\n\n\n<p><a href=\"https:\/\/brasil61.com\/noticias\/sus-vai-ter-prioridade-nas-vacinas-produzidas-no-brasil-afirma-pazuello-bras203047\"><strong>\u201cSUS vai ter prioridade nas vacinas produzidas no Brasil\u201d, afirma Pazuello<\/strong><\/a><\/p>\n\n\n\n<p><a href=\"https:\/\/brasil61.com\/noticias\/coronavac-governo-de-sao-paulo-da-mais-um-passo-para-regulamentacao-da-vacina-bras203013\"><strong>CoronaVac: governo de S\u00e3o Paulo d\u00e1 mais um passo para regulamenta\u00e7\u00e3o da vacina<\/strong><\/a><\/p>\n\n\n\n<p>Para que possa ser estabelecido um cronograma, entretanto, \u00e9 necess\u00e1rio ter uma ou mais vacinas aprovadas e registradas pela Anvisa, o que garantir\u00e1 seguran\u00e7a aos brasileiros. Atingida essa etapa, as informa\u00e7\u00f5es relativas aos processos de compra e distribui\u00e7\u00e3o ser\u00e3o divulgadas.<\/p>\n\n\n\n<p>Fonte: <a href=\"https:\/\/brasil61.com\/noticias\/ministerio-da-saude-esclarece-que-nao-estabeleceu-data-para-o-inicio-da-vacinacao-contra-a-covid-19-bras203069?email=bethdeoliveira@yahoo.com.br&amp;utm_source=newsletter&amp;utm_medium=newsletter&amp;utm_campaign=newsletter\" target=\"_blank\" rel=\"noreferrer noopener\">Brasil 61<\/a><\/p>\n","protected":false},"excerpt":{"rendered":"<p>As not\u00edcias veiculadas que citam o dia 21 de janeiro como uma poss\u00edvel data para<\/p>\n","protected":false},"author":2,"featured_media":8508,"comment_status":"open","ping_status":"open","sticky":false,"template":"","format":"standard","meta":{"footnotes":""},"categories":[17],"tags":[],"class_list":["post-8507","post","type-post","status-publish","format-standard","has-post-thumbnail","hentry","category-outras-noticias"],"_links":{"self":[{"href":"https:\/\/tvc16.com\/portal\/wp-json\/wp\/v2\/posts\/8507","targetHints":{"allow":["GET"]}}],"collection":[{"href":"https:\/\/tvc16.com\/portal\/wp-json\/wp\/v2\/posts"}],"about":[{"href":"https:\/\/tvc16.com\/portal\/wp-json\/wp\/v2\/types\/post"}],"author":[{"embeddable":true,"href":"https:\/\/tvc16.com\/portal\/wp-json\/wp\/v2\/users\/2"}],"replies":[{"embeddable":true,"href":"https:\/\/tvc16.com\/portal\/wp-json\/wp\/v2\/comments?post=8507"}],"version-history":[{"count":1,"href":"https:\/\/tvc16.com\/portal\/wp-json\/wp\/v2\/posts\/8507\/revisions"}],"predecessor-version":[{"id":8509,"href":"https:\/\/tvc16.com\/portal\/wp-json\/wp\/v2\/posts\/8507\/revisions\/8509"}],"wp:featuredmedia":[{"embeddable":true,"href":"https:\/\/tvc16.com\/portal\/wp-json\/wp\/v2\/media\/8508"}],"wp:attachment":[{"href":"https:\/\/tvc16.com\/portal\/wp-json\/wp\/v2\/media?parent=8507"}],"wp:term":[{"taxonomy":"category","embeddable":true,"href":"https:\/\/tvc16.com\/portal\/wp-json\/wp\/v2\/categories?post=8507"},{"taxonomy":"post_tag","embeddable":true,"href":"https:\/\/tvc16.com\/portal\/wp-json\/wp\/v2\/tags?post=8507"}],"curies":[{"name":"wp","href":"https:\/\/api.w.org\/{rel}","templated":true}]}}