{"id":8515,"date":"2020-12-19T09:30:44","date_gmt":"2020-12-19T12:30:44","guid":{"rendered":"https:\/\/tvc16.com\/portal\/?p=8515"},"modified":"2020-12-19T09:30:46","modified_gmt":"2020-12-19T12:30:46","slug":"canarinhos-mantem-tradicao-e-mesmo-na-pandemia-faz-sua-apresentacao-com-concerto-de-natal-virtual","status":"publish","type":"post","link":"https:\/\/tvc16.com\/portal\/2020\/12\/19\/canarinhos-mantem-tradicao-e-mesmo-na-pandemia-faz-sua-apresentacao-com-concerto-de-natal-virtual\/","title":{"rendered":"Canarinhos mant\u00e9m tradi\u00e7\u00e3o e, mesmo na pandemia, faz sua apresenta\u00e7\u00e3o com Concerto de Natal virtual"},"content":{"rendered":"\n<p>A apresenta\u00e7\u00e3o ser\u00e1 transmitida no pr\u00f3ximo dia 23, \u00e0s 19h, na p\u00e1gina dos Canarinhos no Facebook e no canal da TV Franciscanos no Youtube.<\/p>\n\n\n\n<p>A tradi\u00e7\u00e3o de levar a mensagem de amor, f\u00e9 e esperan\u00e7a de Jesus Cristo por meio das vozes dos corais do Instituto dos Meninos Cantores de Petr\u00f3polis (IMCP) ser\u00e1 mantida. Um trabalho conjunto que reuniu cantores, maestros, equipe de filmagem, editores e publicit\u00e1rios, ao longo dos \u00faltimos dois meses, vai garantir um Concerto de Natal in\u00e9dito. <\/p>\n\n\n\n<p>\u201cOs concertos de Natal fazem parte da hist\u00f3ria do IMCP. S\u00e3o as apresenta\u00e7\u00f5es mais esperadas por todos e n\u00e3o pod\u00edamos deixar de preparar algo muito especial neste ano t\u00e3o dif\u00edcil para todos n\u00f3s. As can\u00e7\u00f5es de Natal tocam o cora\u00e7\u00e3o das fam\u00edlias que nesta \u00e9poca se voltam para as mensagens de f\u00e9, amor e esperan\u00e7a que Cristo nos trouxe durante a sua vida\u201d, declarou o maestro Marco Aur\u00e9lio Lischt, explicando que os ensaios e as grava\u00e7\u00f5es das vozes que far\u00e3o parte do concerto foram feitas pela internet, com o objetivo de garantir toda a seguran\u00e7a aos integrantes dos corais dos Canarinhos de Petr\u00f3polis, das Meninas dos Canarinhos de Petr\u00f3polis e dos Aprendizes.<\/p>\n\n\n\n<p>Para frei Marcos, o especial de Natal deste ano \u00e9 um sinal de esperan\u00e7a e de luz: \u201cAs grava\u00e7\u00f5es foram resultado de um empenho muito grande para tornar tudo isso poss\u00edvel sem causar riscos. Que o menino Jesus possa trazer muita paz e muita luz neste fim de ano t\u00e3o dram\u00e1tico e que possamos contribuir com essa mensagem de esperan\u00e7a no lar de todas as fam\u00edlias que assistirem o especial\u201d.<\/p>\n\n\n\n<p>Al\u00e9m das grava\u00e7\u00f5es em casa, pequenos grupos fizeram tomadas externas seguindo protocolos r\u00edgidos de seguran\u00e7a, obedecendo ao distanciamento, uso de \u00e1lcool em gel e m\u00e1scaras. \u201cTivemos muita preocupa\u00e7\u00e3o para garantir a seguran\u00e7a dos meninos e meninas para que n\u00e3o corressem risco de contamina\u00e7\u00e3o, por isso, ficamos alertas o tempo todo, mantendo os pequenos grupos que participaram das grava\u00e7\u00f5es com distanciamento, cuidando da higiene das m\u00e3os e do uso de m\u00e1scaras. Nosso intuito foi sempre preserv\u00e1-los\u201d, contou frei Felipe, um dos respons\u00e1veis pelas grava\u00e7\u00f5es. Segundo ele, um grande desafio para o projeto foi fazer com que todos cantassem de m\u00e1scaras.<\/p>\n\n\n\n<p>Tr\u00eas m\u00fasicas foram selecionadas para o Concerto in\u00e9dito: o canto gregoriano \u201cRorate Coeli\u201d, \u201cCantiga de Nossa Senhora\u201d, de Hekel Tavares, e \u201cNoite Feliz\u201d, de Franz Gruber.<\/p>\n\n\n\n<figure class=\"wp-block-image size-large\"><img loading=\"lazy\" decoding=\"async\" width=\"1024\" height=\"683\" src=\"https:\/\/tvc16.com\/portal\/wp-content\/uploads\/2020\/12\/Concerto-de-Natal-1-1024x683.jpg\" alt=\"\" class=\"wp-image-8517\" srcset=\"https:\/\/tvc16.com\/portal\/wp-content\/uploads\/2020\/12\/Concerto-de-Natal-1-1024x683.jpg 1024w, https:\/\/tvc16.com\/portal\/wp-content\/uploads\/2020\/12\/Concerto-de-Natal-1-300x200.jpg 300w, https:\/\/tvc16.com\/portal\/wp-content\/uploads\/2020\/12\/Concerto-de-Natal-1-768x512.jpg 768w, https:\/\/tvc16.com\/portal\/wp-content\/uploads\/2020\/12\/Concerto-de-Natal-1-1536x1024.jpg 1536w\" sizes=\"auto, (max-width: 1024px) 100vw, 1024px\" \/><figcaption>Pres\u00e9pio vivo <\/figcaption><\/figure>\n\n\n\n<p>O auto de Natal reserva outras surpresas, como a montagem de um pres\u00e9pio vivo. \u201cAs m\u00fasicas escolhidas trazem alento e esperan\u00e7a por meio da pureza das crian\u00e7as. Foi muito bonito de ver a alegria deles ao representar Maria, Jos\u00e9 e o anjo. Deus est\u00e1 conosco em todas as tempestades vividas neste ano. N\u00e3o nos deixou na escurid\u00e3o. Queremos levar esperan\u00e7a musicalizada\u201d, comentou frei Felipe.<\/p>\n\n\n\n<p>Mais informa\u00e7\u00f5es podem ser consultadas no site&nbsp;<a rel=\"noreferrer noopener\" target=\"_blank\" href=\"http:\/\/www.canarinhos.com.br\">www.canarinhos.com.br<\/a>&nbsp;.<\/p>\n","protected":false},"excerpt":{"rendered":"<p>A apresenta\u00e7\u00e3o ser\u00e1 transmitida no pr\u00f3ximo dia 23, \u00e0s 19h, na p\u00e1gina dos Canarinhos no<\/p>\n","protected":false},"author":2,"featured_media":8516,"comment_status":"open","ping_status":"open","sticky":false,"template":"","format":"standard","meta":{"footnotes":""},"categories":[12],"tags":[],"class_list":["post-8515","post","type-post","status-publish","format-standard","has-post-thumbnail","hentry","category-cidade"],"_links":{"self":[{"href":"https:\/\/tvc16.com\/portal\/wp-json\/wp\/v2\/posts\/8515","targetHints":{"allow":["GET"]}}],"collection":[{"href":"https:\/\/tvc16.com\/portal\/wp-json\/wp\/v2\/posts"}],"about":[{"href":"https:\/\/tvc16.com\/portal\/wp-json\/wp\/v2\/types\/post"}],"author":[{"embeddable":true,"href":"https:\/\/tvc16.com\/portal\/wp-json\/wp\/v2\/users\/2"}],"replies":[{"embeddable":true,"href":"https:\/\/tvc16.com\/portal\/wp-json\/wp\/v2\/comments?post=8515"}],"version-history":[{"count":1,"href":"https:\/\/tvc16.com\/portal\/wp-json\/wp\/v2\/posts\/8515\/revisions"}],"predecessor-version":[{"id":8518,"href":"https:\/\/tvc16.com\/portal\/wp-json\/wp\/v2\/posts\/8515\/revisions\/8518"}],"wp:featuredmedia":[{"embeddable":true,"href":"https:\/\/tvc16.com\/portal\/wp-json\/wp\/v2\/media\/8516"}],"wp:attachment":[{"href":"https:\/\/tvc16.com\/portal\/wp-json\/wp\/v2\/media?parent=8515"}],"wp:term":[{"taxonomy":"category","embeddable":true,"href":"https:\/\/tvc16.com\/portal\/wp-json\/wp\/v2\/categories?post=8515"},{"taxonomy":"post_tag","embeddable":true,"href":"https:\/\/tvc16.com\/portal\/wp-json\/wp\/v2\/tags?post=8515"}],"curies":[{"name":"wp","href":"https:\/\/api.w.org\/{rel}","templated":true}]}}