{"id":8519,"date":"2020-12-19T09:39:09","date_gmt":"2020-12-19T12:39:09","guid":{"rendered":"https:\/\/tvc16.com\/portal\/?p=8519"},"modified":"2020-12-19T09:39:11","modified_gmt":"2020-12-19T12:39:11","slug":"neste-sabado-19-a-testagem-em-massa-continua-locais-praca-da-inconfidencia-e-praca-do-alto-a-serra","status":"publish","type":"post","link":"https:\/\/tvc16.com\/portal\/2020\/12\/19\/neste-sabado-19-a-testagem-em-massa-continua-locais-praca-da-inconfidencia-e-praca-do-alto-a-serra\/","title":{"rendered":"Neste s\u00e1bado (19) a testagem em massa continua. Locais: Pra\u00e7a da Inconfid\u00eancia e Pra\u00e7a do Alto a Serra"},"content":{"rendered":"\n<p>Os testes ser\u00e3o realizados na Pra\u00e7a da Inconfid\u00eancia, no Centro da cidade, e na Pra\u00e7a do Alto da Serra. As a\u00e7\u00f5es t\u00eam in\u00edcio \u00e0s 09h. Os testes em massa fazem parte das amplia\u00e7\u00f5es da prefeitura para frear a dissemina\u00e7\u00e3o da COVID-19 na cidade.<\/p>\n\n\n\n<p>\u201cTemos muito prazer em cuidar da popula\u00e7\u00e3o. Estamos fazendo de tudo para que a Cidade permane\u00e7a segura, mas todos os dias temos pedido para que ningu\u00e9m se esque\u00e7a das medidas de seguran\u00e7a que devem continuar sendo tomadas. A solu\u00e7\u00e3o desse problema depende de cada um de n\u00f3s e precisamos nos unir no combate \u00e0 pandemia. J\u00e1 ampliamos todas as nossas a\u00e7\u00f5es e, se necess\u00e1rio, iremos ainda mais longe para que a cidade n\u00e3o sofra com a doen\u00e7a\u201d, afirmou o prefeito.<\/p>\n\n\n\n<p>Entre as a\u00e7\u00f5es ampliadas, carros de som v\u00eam alertando a popula\u00e7\u00e3o em ruas e bairros de Petr\u00f3polis. A\u00e7\u00f5es de desinfec\u00e7\u00e3o de ruas e locais p\u00fablicos tamb\u00e9m foram estendidas a todos os pontos de grande circula\u00e7\u00e3o de pessoas no Munic\u00edpio. Nas garagens, \u00f4nibus est\u00e3o sendo rigorosamente higienizados pelas equipes de sa\u00fade. Vale lembrar que os testes retornaram ap\u00f3s cinco dias de paralisa\u00e7\u00e3o para que a Secretaria de Sa\u00fade pudesse avaliar o monitoramento de dados coletados durante a segunda etapa das a\u00e7\u00f5es.<\/p>\n","protected":false},"excerpt":{"rendered":"<p>Os testes ser\u00e3o realizados na Pra\u00e7a da Inconfid\u00eancia, no Centro da cidade, e na Pra\u00e7a<\/p>\n","protected":false},"author":2,"featured_media":6464,"comment_status":"open","ping_status":"open","sticky":false,"template":"","format":"standard","meta":{"footnotes":""},"categories":[12],"tags":[],"class_list":["post-8519","post","type-post","status-publish","format-standard","has-post-thumbnail","hentry","category-cidade"],"_links":{"self":[{"href":"https:\/\/tvc16.com\/portal\/wp-json\/wp\/v2\/posts\/8519","targetHints":{"allow":["GET"]}}],"collection":[{"href":"https:\/\/tvc16.com\/portal\/wp-json\/wp\/v2\/posts"}],"about":[{"href":"https:\/\/tvc16.com\/portal\/wp-json\/wp\/v2\/types\/post"}],"author":[{"embeddable":true,"href":"https:\/\/tvc16.com\/portal\/wp-json\/wp\/v2\/users\/2"}],"replies":[{"embeddable":true,"href":"https:\/\/tvc16.com\/portal\/wp-json\/wp\/v2\/comments?post=8519"}],"version-history":[{"count":1,"href":"https:\/\/tvc16.com\/portal\/wp-json\/wp\/v2\/posts\/8519\/revisions"}],"predecessor-version":[{"id":8520,"href":"https:\/\/tvc16.com\/portal\/wp-json\/wp\/v2\/posts\/8519\/revisions\/8520"}],"wp:featuredmedia":[{"embeddable":true,"href":"https:\/\/tvc16.com\/portal\/wp-json\/wp\/v2\/media\/6464"}],"wp:attachment":[{"href":"https:\/\/tvc16.com\/portal\/wp-json\/wp\/v2\/media?parent=8519"}],"wp:term":[{"taxonomy":"category","embeddable":true,"href":"https:\/\/tvc16.com\/portal\/wp-json\/wp\/v2\/categories?post=8519"},{"taxonomy":"post_tag","embeddable":true,"href":"https:\/\/tvc16.com\/portal\/wp-json\/wp\/v2\/tags?post=8519"}],"curies":[{"name":"wp","href":"https:\/\/api.w.org\/{rel}","templated":true}]}}