{"id":8524,"date":"2020-12-19T12:20:12","date_gmt":"2020-12-19T15:20:12","guid":{"rendered":"https:\/\/tvc16.com\/portal\/?p=8524"},"modified":"2020-12-19T12:20:14","modified_gmt":"2020-12-19T15:20:14","slug":"hospitais-de-campanha-retomam-atendimento-com-o-repique-de-casos-do-novo-coronavirus","status":"publish","type":"post","link":"https:\/\/tvc16.com\/portal\/2020\/12\/19\/hospitais-de-campanha-retomam-atendimento-com-o-repique-de-casos-do-novo-coronavirus\/","title":{"rendered":"Hospitais de campanha retomam atendimento com o repique de casos do novo coronav\u00edrus"},"content":{"rendered":"\n<p>Aumento na ocupa\u00e7\u00e3o de leitos Covid-19 em hospitais p\u00fablicos e privados motivou a retomada no atendimento das unidades tempor\u00e1rias, em diversas localidades<\/p>\n\n\n\n<p>Com o aumento na <a href=\"https:\/\/brasil61.com\/noticias\/ocupacao-de-leitos-covid-19-aumenta-nos-hospitais-brasileiros-bras203028\">ocupa\u00e7\u00e3o dos leitos Covid-19<\/a> em hospitais p\u00fablicos e privados, hospitais de campanha tornam-se cada vez mais necess\u00e1rios. Em Fortaleza (CE), Hospital de Campanha do HGF voltou a receber pacientes com Covid-19. A unidade n\u00e3o chegou a ser desmontada, mas at\u00e9 ent\u00e3o vinha sendo utilizada para atender pacientes com outras doen\u00e7as.<\/p>\n\n\n\n<p>Com aumento de 36% no n\u00famero de infectados pelo coronav\u00edrus, em 30 dias, a prefeitura de Ilhabela (SP) tamb\u00e9m decidiu usar o hospital de campanha para atendimento. Nesse caso, a decis\u00e3o foi transferir os pacientes com outras enfermidades para a unidade e liberar vagas para pacientes com Covid-19, na estrutura do hospital convencional.&nbsp;<\/p>\n\n\n\n<p>Em Mariana (MG), o hospital de campanha j\u00e1 est\u00e1 equipado e pronto para receber os pacientes com Covid-19, conforme explica o secret\u00e1rio de Sa\u00fade, Danilo Brito.<\/p>\n\n\n\n<p>\u201cEle existe desde junho, mas nunca utilizamos. Agora vamos utilizar. S\u00e3o 23 vagas. Ele fica ao lado da policl\u00ednica, mas \u00e9 separado para atender somente casos respirat\u00f3rios com suspeita de Covid-19\u201d, destaca.&nbsp;<\/p>\n\n\n\n<p>Segundo o secret\u00e1rio Danilo Brito, o munic\u00edpio de Mariana recebeu 2 milh\u00f5es de reais, do Tribunal Regional do Trabalho, para a compra de equipamentos, como respiradores, monitores, biombos, raio-x port\u00e1til, camas eletr\u00f4nicas e quatro ambul\u00e2ncias tipo UTI.<\/p>\n\n\n\n<p><strong><a href=\"https:\/\/brasil61.com\/noticias\/municipios-precisam-se-organizar-para-vacinacao-contra-covid-19-diz-medica-infectologista-bras203065\">\u201cMunic\u00edpios precisam se organizar para vacina\u00e7\u00e3o contra Covid-19\u201d, diz m\u00e9dica infectologista<\/a><\/strong><\/p>\n\n\n\n<p><strong><a href=\"https:\/\/brasil61.com\/noticias\/ocupacao-de-leitos-covid-19-aumenta-nos-hospitais-brasileiros-bras203028\">Ocupa\u00e7\u00e3o de leitos Covid-19 aumenta nos hospitais brasileiros<\/a><\/strong><\/p>\n\n\n\n<p><strong><a href=\"https:\/\/brasil61.com\/noticias\/covid-19-vacina-precisara-de-cuidados-durante-envio-a-estados-e-municipios-bras202647\">Covid-19: Vacina precisar\u00e1 de cuidados durante envio a Estados e Munic\u00edpios<\/a><\/strong><\/p>\n\n\n\n<p>Segundo a professora do curso de Sa\u00fade Coletiva, da Universidade de Bras\u00edlia (UnB), Carla Pintas Marques, o hospital de campanha \u00e9 uma estrutura adaptada, para interna\u00e7\u00e3o cl\u00ednica e atendimento de terapia intensiva. Eles s\u00e3o montados para atender a demanda emergente de pacientes com Covid-19 e contam com nebulizadores, respiradores, coleta de exames, raio-x m\u00f3vel, medica\u00e7\u00f5es, dieta, acesso a banheiro e outras estruturas de uma unidade convencional.<\/p>\n\n\n\n<p>A professora explica o motivo de muitos hospitais de campanha terem sido desativados, no decorrer dos meses.<\/p>\n\n\n\n<p>\u201cEsses hospitais foram desmontados porque houve uma baixa no n\u00famero de interna\u00e7\u00f5es. \u00c9 invi\u00e1vel manter uma estrutura como o hospital de campanha, sem leitos (ocupados). Se voc\u00ea tem a op\u00e7\u00e3o de ter o leito ocupado no hospital que j\u00e1 existe, essa \u00e9 a primeira escolha. O hospital de campanha \u00e9 (usado) quando j\u00e1 foi esgotada a capacidade instalada dos leitos hospitalares que j\u00e1 existem\u201d, comenta.<\/p>\n\n\n\n<p>Para implantar uma unidade de sa\u00fade tempor\u00e1ria, para assist\u00eancia hospitalar, o munic\u00edpio deve observar alguns crit\u00e9rios elencados na Portaria <a href=\"https:\/\/www.in.gov.br\/en\/web\/dou\/-\/portaria-n-1.514-de-15-de-junho-de-2020-261697736\">1.514\/2020<\/a>, como buscar outras estrat\u00e9gias para amplia\u00e7\u00e3o da oferta de leitos; priorizar a estrutura\u00e7\u00e3o e amplia\u00e7\u00e3o dos leitos cl\u00ednicos e de UTIs, exclusivos para pacientes da Covid-19, em unidades permanentes e j\u00e1 existentes; considerar a contrata\u00e7\u00e3o de leitos cl\u00ednicos e de UTI na rede de sa\u00fade privada, entre outros.&nbsp;<\/p>\n\n\n\n<figure class=\"wp-block-image\"><img decoding=\"async\" src=\"\/\/s3-sa-east-1.amazonaws.com\/agencia-radio-arb\/3363\/content_hospitais-de-campanha_%281%29.png\" alt=\"Arte - Brasil 61\" title=\"Hospitais de campanha - Arte: Brasil 61 - Fonte: Portaria 1.514 do Minist\u00e9rio da Sa\u00fade\"\/><\/figure>\n\n\n\n<p>Ainda de acordo com a portaria, os hospitais de campanha devem funcionar com acesso regulado, voltados para interna\u00e7\u00e3o de pacientes com sintomas de baixa e m\u00e9dia complexidade.<\/p>\n\n\n\n<p>A professora observa que h\u00e1 uma tend\u00eancia de aumento do n\u00famero de casos de interna\u00e7\u00e3o por Covid-19, tanto em enfermarias, quanto em UTIs. Portanto, segundo ela, cada munic\u00edpio ou estado deve avaliar sua necessidade de retomar o atendimento nos hospitais de campanha.<\/p>\n\n\n\n<p>Nesse caso, as Secretarias de Sa\u00fade podem contar com recursos do Minist\u00e9rio da Sa\u00fade. Carla explica o procedimento.<\/p>\n\n\n\n<p>\u201cEsses leitos ocupados s\u00e3o credenciados pelo Minist\u00e9rio da Sa\u00fade. Ao ser cadastrado na plataforma do DATASUS, automaticamente todo o gasto que \u00e9 realizado naquele leito \u00e9 contabilizado; e o Minist\u00e9rio da Sa\u00fade faz o repasse para secretaria \u2013 ou estadual, ou municipal \u2013 a quem pertencer aquele hospital de campanha\u201d, detalha.<\/p>\n\n\n\n<h2 class=\"wp-block-heading\">Quanto custa?<\/h2>\n\n\n\n<p>O custo de levantar e manter um hospital de campanha \u00e9 avaliado por cada munic\u00edpio. Em Guarulhos (SP), a unidade de sa\u00fade registra um custo de 808 reais por cada paciente atendido. Em Bras\u00edlia (DF), a Secretaria de Sa\u00fade investiu um total de R$ 79.449.903 na contrata\u00e7\u00e3o de 197 leitos para o Hospital de Campanha do Man\u00e9 Garrincha. J\u00e1 a unidade de \u00c1guas Lindas de Goi\u00e1s, que foi constru\u00edda pelo Governo Federal, custou R$ 10 milh\u00f5es.<\/p>\n\n\n\n<p>Fonte: <a href=\"https:\/\/brasil61.com\/noticias\/hospitais-de-campanha-retomam-atendimento-com-o-repique-de-casos-do-novo-coronavirus-bras203082?email=bethdeoliveira@yahoo.com.br&amp;utm_source=newsletter&amp;utm_medium=newsletter&amp;utm_campaign=newsletter\" target=\"_blank\" rel=\"noreferrer noopener\">Brasil 61<\/a><\/p>\n","protected":false},"excerpt":{"rendered":"<p>Aumento na ocupa\u00e7\u00e3o de leitos Covid-19 em hospitais p\u00fablicos e privados motivou a retomada no<\/p>\n","protected":false},"author":2,"featured_media":8525,"comment_status":"open","ping_status":"open","sticky":false,"template":"","format":"standard","meta":{"footnotes":""},"categories":[17],"tags":[],"class_list":["post-8524","post","type-post","status-publish","format-standard","has-post-thumbnail","hentry","category-outras-noticias"],"_links":{"self":[{"href":"https:\/\/tvc16.com\/portal\/wp-json\/wp\/v2\/posts\/8524","targetHints":{"allow":["GET"]}}],"collection":[{"href":"https:\/\/tvc16.com\/portal\/wp-json\/wp\/v2\/posts"}],"about":[{"href":"https:\/\/tvc16.com\/portal\/wp-json\/wp\/v2\/types\/post"}],"author":[{"embeddable":true,"href":"https:\/\/tvc16.com\/portal\/wp-json\/wp\/v2\/users\/2"}],"replies":[{"embeddable":true,"href":"https:\/\/tvc16.com\/portal\/wp-json\/wp\/v2\/comments?post=8524"}],"version-history":[{"count":1,"href":"https:\/\/tvc16.com\/portal\/wp-json\/wp\/v2\/posts\/8524\/revisions"}],"predecessor-version":[{"id":8526,"href":"https:\/\/tvc16.com\/portal\/wp-json\/wp\/v2\/posts\/8524\/revisions\/8526"}],"wp:featuredmedia":[{"embeddable":true,"href":"https:\/\/tvc16.com\/portal\/wp-json\/wp\/v2\/media\/8525"}],"wp:attachment":[{"href":"https:\/\/tvc16.com\/portal\/wp-json\/wp\/v2\/media?parent=8524"}],"wp:term":[{"taxonomy":"category","embeddable":true,"href":"https:\/\/tvc16.com\/portal\/wp-json\/wp\/v2\/categories?post=8524"},{"taxonomy":"post_tag","embeddable":true,"href":"https:\/\/tvc16.com\/portal\/wp-json\/wp\/v2\/tags?post=8524"}],"curies":[{"name":"wp","href":"https:\/\/api.w.org\/{rel}","templated":true}]}}