{"id":8527,"date":"2020-12-19T16:26:19","date_gmt":"2020-12-19T19:26:19","guid":{"rendered":"https:\/\/tvc16.com\/portal\/?p=8527"},"modified":"2020-12-19T16:26:21","modified_gmt":"2020-12-19T19:26:21","slug":"choque-de-ordem-em-varios-pontos-de-aglomeracao-em-petropolis-equipes-de-fiscalizacao-policias-civil-e-militar-atuaram-juntos-na-operacao-desta-sexta-feira","status":"publish","type":"post","link":"https:\/\/tvc16.com\/portal\/2020\/12\/19\/choque-de-ordem-em-varios-pontos-de-aglomeracao-em-petropolis-equipes-de-fiscalizacao-policias-civil-e-militar-atuaram-juntos-na-operacao-desta-sexta-feira\/","title":{"rendered":"Choque de Ordem em v\u00e1rios pontos de aglomera\u00e7\u00e3o em Petr\u00f3polis. Equipes de fiscaliza\u00e7\u00e3o,  Pol\u00edcias Civil e Militar atuaram juntos na Opera\u00e7\u00e3o desta sexta-feira"},"content":{"rendered":"\n<p>O governo municipal intensificou as a\u00e7\u00f5es relativas a Opera\u00e7\u00e3o Choque de Ordem na noite de sexta-feira (18). Equipes de fiscaliza\u00e7\u00e3o da Secretaria de Servi\u00e7os, Seguran\u00e7a e Ordem P\u00fablica (SSOP), Posturas, Vigil\u00e2ncia Sanit\u00e1ria, al\u00e9m da Guarda Civil e Pol\u00edcia Militar abordaram frequentadores de bares e restaurantes da Rua 13 de Maio, do Centro, Castel\u00e2nea (Pra\u00e7a Pasteur), Quitandinha e Corr\u00eaas. Um carro de som tamb\u00e9m auxiliou o trabalho das equipes, com um \u00e1udio gravado com instru\u00e7\u00f5es sobre o uso de m\u00e1scara, \u00e1lcool em gel e para manter o distanciamento social, evitando aglomera\u00e7\u00f5es desnecess\u00e1rias.<\/p>\n\n\n\n<figure class=\"wp-block-image size-large\"><img loading=\"lazy\" decoding=\"async\" width=\"1024\" height=\"573\" src=\"https:\/\/tvc16.com\/portal\/wp-content\/uploads\/2020\/12\/WhatsApp-Image-2020-12-18-at-22_04_11-1024x573.jpeg\" alt=\"\" class=\"wp-image-8528\" srcset=\"https:\/\/tvc16.com\/portal\/wp-content\/uploads\/2020\/12\/WhatsApp-Image-2020-12-18-at-22_04_11-1024x573.jpeg 1024w, https:\/\/tvc16.com\/portal\/wp-content\/uploads\/2020\/12\/WhatsApp-Image-2020-12-18-at-22_04_11-300x168.jpeg 300w, https:\/\/tvc16.com\/portal\/wp-content\/uploads\/2020\/12\/WhatsApp-Image-2020-12-18-at-22_04_11-768x430.jpeg 768w, https:\/\/tvc16.com\/portal\/wp-content\/uploads\/2020\/12\/WhatsApp-Image-2020-12-18-at-22_04_11.jpeg 1280w\" sizes=\"auto, (max-width: 1024px) 100vw, 1024px\" \/><\/figure>\n\n\n\n<p>Em um bar no Quitandinha, as equipes cancelaram um show que aconteceria no local, al\u00e9m de cobrar as medidas protetivas, como distanciamento adequado entre as mesas, uso de m\u00e1scaras e \u00e1lcool em gel. Em bares da Pra\u00e7a Pasteur, houve autua\u00e7\u00e3o e intima\u00e7\u00e3o, proveniente de den\u00fancias de poss\u00edvel consumo de entorpecentes e perturba\u00e7\u00e3o do sossego p\u00fablico. Al\u00e9m disso os propriet\u00e1rios foram orientados a acabar com a aglomera\u00e7\u00e3o na porta dos estabelecimentos. Os agentes tamb\u00e9m estiveram em Corr\u00eaas, onde foram averiguar den\u00fancias de aglomera\u00e7\u00e3o em um clube local, que foi obrigado a cancelar eventos com m\u00fasica e aglomera\u00e7\u00e3o. Na Pra\u00e7a da Liberdade as pessoas foram orientadas a deixar o local, para que n\u00e3o houvesse aglutina\u00e7\u00e3o. \u00a0<\/p>\n\n\n\n<figure class=\"wp-block-image size-large\"><img loading=\"lazy\" decoding=\"async\" width=\"1024\" height=\"573\" src=\"https:\/\/tvc16.com\/portal\/wp-content\/uploads\/2020\/12\/WhatsApp-Image-2020-12-18-at-21_39_01-1024x573.jpeg\" alt=\"\" class=\"wp-image-8529\" srcset=\"https:\/\/tvc16.com\/portal\/wp-content\/uploads\/2020\/12\/WhatsApp-Image-2020-12-18-at-21_39_01-1024x573.jpeg 1024w, https:\/\/tvc16.com\/portal\/wp-content\/uploads\/2020\/12\/WhatsApp-Image-2020-12-18-at-21_39_01-300x168.jpeg 300w, https:\/\/tvc16.com\/portal\/wp-content\/uploads\/2020\/12\/WhatsApp-Image-2020-12-18-at-21_39_01-768x430.jpeg 768w, https:\/\/tvc16.com\/portal\/wp-content\/uploads\/2020\/12\/WhatsApp-Image-2020-12-18-at-21_39_01.jpeg 1280w\" sizes=\"auto, (max-width: 1024px) 100vw, 1024px\" \/><\/figure>\n\n\n\n<p>A quantidade de pessoas na Rua 13 de Maio estava alta nesta sexta-feira. As equipes orientaram os estabelecimentos e as pessoas que estavam nas ruas sobre as regras que pro\u00edbem as aglomera\u00e7\u00f5es e tamb\u00e9m refor\u00e7aram a obrigatoriedade do uso de m\u00e1scaras. Tamb\u00e9m foram observados se os bares e restaurantes estavam respeitando as determina\u00e7\u00f5es de distanciamento. Todos os estabelecimentos encerraram as atividades no hor\u00e1rio previsto em decreto e nenhum foi autuado.<\/p>\n\n\n\n<figure class=\"wp-block-image size-large\"><img loading=\"lazy\" decoding=\"async\" width=\"1024\" height=\"573\" src=\"https:\/\/tvc16.com\/portal\/wp-content\/uploads\/2020\/12\/WhatsApp-Image-2020-12-18-at-23_24_07-1024x573.jpeg\" alt=\"\" class=\"wp-image-8530\" srcset=\"https:\/\/tvc16.com\/portal\/wp-content\/uploads\/2020\/12\/WhatsApp-Image-2020-12-18-at-23_24_07-1024x573.jpeg 1024w, https:\/\/tvc16.com\/portal\/wp-content\/uploads\/2020\/12\/WhatsApp-Image-2020-12-18-at-23_24_07-300x168.jpeg 300w, https:\/\/tvc16.com\/portal\/wp-content\/uploads\/2020\/12\/WhatsApp-Image-2020-12-18-at-23_24_07-768x430.jpeg 768w, https:\/\/tvc16.com\/portal\/wp-content\/uploads\/2020\/12\/WhatsApp-Image-2020-12-18-at-23_24_07.jpeg 1280w\" sizes=\"auto, (max-width: 1024px) 100vw, 1024px\" \/><\/figure>\n","protected":false},"excerpt":{"rendered":"<p>O governo municipal intensificou as a\u00e7\u00f5es relativas a Opera\u00e7\u00e3o Choque de Ordem na noite de<\/p>\n","protected":false},"author":2,"featured_media":8532,"comment_status":"open","ping_status":"open","sticky":false,"template":"","format":"standard","meta":{"footnotes":""},"categories":[12],"tags":[],"class_list":["post-8527","post","type-post","status-publish","format-standard","has-post-thumbnail","hentry","category-cidade"],"_links":{"self":[{"href":"https:\/\/tvc16.com\/portal\/wp-json\/wp\/v2\/posts\/8527","targetHints":{"allow":["GET"]}}],"collection":[{"href":"https:\/\/tvc16.com\/portal\/wp-json\/wp\/v2\/posts"}],"about":[{"href":"https:\/\/tvc16.com\/portal\/wp-json\/wp\/v2\/types\/post"}],"author":[{"embeddable":true,"href":"https:\/\/tvc16.com\/portal\/wp-json\/wp\/v2\/users\/2"}],"replies":[{"embeddable":true,"href":"https:\/\/tvc16.com\/portal\/wp-json\/wp\/v2\/comments?post=8527"}],"version-history":[{"count":1,"href":"https:\/\/tvc16.com\/portal\/wp-json\/wp\/v2\/posts\/8527\/revisions"}],"predecessor-version":[{"id":8533,"href":"https:\/\/tvc16.com\/portal\/wp-json\/wp\/v2\/posts\/8527\/revisions\/8533"}],"wp:featuredmedia":[{"embeddable":true,"href":"https:\/\/tvc16.com\/portal\/wp-json\/wp\/v2\/media\/8532"}],"wp:attachment":[{"href":"https:\/\/tvc16.com\/portal\/wp-json\/wp\/v2\/media?parent=8527"}],"wp:term":[{"taxonomy":"category","embeddable":true,"href":"https:\/\/tvc16.com\/portal\/wp-json\/wp\/v2\/categories?post=8527"},{"taxonomy":"post_tag","embeddable":true,"href":"https:\/\/tvc16.com\/portal\/wp-json\/wp\/v2\/tags?post=8527"}],"curies":[{"name":"wp","href":"https:\/\/api.w.org\/{rel}","templated":true}]}}