{"id":8534,"date":"2020-12-19T20:24:26","date_gmt":"2020-12-19T23:24:26","guid":{"rendered":"https:\/\/tvc16.com\/portal\/?p=8534"},"modified":"2020-12-19T21:09:40","modified_gmt":"2020-12-20T00:09:40","slug":"negado-recurso-especial-para-rubens-bomtempo-que-tem-72-horas-para-recorrer-caso-nao-recorra-petropolis-tera-novas-eleicoes-em-2021","status":"publish","type":"post","link":"https:\/\/tvc16.com\/portal\/2020\/12\/19\/negado-recurso-especial-para-rubens-bomtempo-que-tem-72-horas-para-recorrer-caso-nao-recorra-petropolis-tera-novas-eleicoes-em-2021\/","title":{"rendered":"Negado Recurso Especial para Rubens Bomtempo, que tem tr\u00eas dias para recorrer. Caso n\u00e3o recorra, Petr\u00f3polis ter\u00e1 novas elei\u00e7\u00f5es em 2021"},"content":{"rendered":"\n<p>O ex-prefeito Rubens Bomtempo ganhou no segundo turno das elei\u00e7\u00f5es 2020, (com maioria dos votos v\u00e1lidos) mas n\u00e3o foi diplomado e nem conseguiu liminar para tal. Neste s\u00e1bado foi negado pelo Ministro S\u00e9rgio Silveira Banhos, o Recurso Especial que seria julgado em fevereiro de 2021. Com esta decis\u00e3o, do Ministro, provavelmente, Petr\u00f3polis j\u00e1 caminha para novas elei\u00e7\u00f5es em 2021. Bomtempo tem tr\u00eas dias para recorrer.<\/p>\n\n\n\n<p>Sem prefeito eleito, a Cidade ter\u00e1 como gestor tempor\u00e1rio, o presidente da C\u00e2mara Municipal que assumir\u00e1 o comando do Munic\u00edpio.<\/p>\n\n\n\n<p>Em decis\u00e3o proferida hoje (19) o Tribunal Superior Eleitoral (TSE) indeferiu o Recurso Especial do ex-prefeito Rubens Bomtempo. A decis\u00e3o destaca que o mesmo assume ter sido condenado por improbidade e estar com seus direitos pol\u00edticos suspensos. Esta decis\u00e3o abre caminho para a Justi\u00e7a Eleitoral convocar novas elei\u00e7\u00f5es no in\u00edcio de 2021.<\/p>\n\n\n\n<p>Lembrando que: Este Recurso Especial estava com audi\u00eancia marcada para fevereiro de 2021 no TSE. Com esta decis\u00e3o do Ministro S\u00e9rgio Silveira Banhos, caso Rubens Bomtempo n\u00e3o recorra, automaticamente, o Recurso ser\u00e1 arquivado. <\/p>\n\n\n\n<figure class=\"wp-block-image size-large\"><img loading=\"lazy\" decoding=\"async\" width=\"576\" height=\"849\" src=\"https:\/\/tvc16.com\/portal\/wp-content\/uploads\/2020\/12\/20201219_210825.jpg\" alt=\"\" class=\"wp-image-8540\" srcset=\"https:\/\/tvc16.com\/portal\/wp-content\/uploads\/2020\/12\/20201219_210825.jpg 576w, https:\/\/tvc16.com\/portal\/wp-content\/uploads\/2020\/12\/20201219_210825-204x300.jpg 204w\" sizes=\"auto, (max-width: 576px) 100vw, 576px\" \/><\/figure>\n","protected":false},"excerpt":{"rendered":"<p>O ex-prefeito Rubens Bomtempo ganhou no segundo turno das elei\u00e7\u00f5es 2020, (com maioria dos votos<\/p>\n","protected":false},"author":2,"featured_media":8535,"comment_status":"open","ping_status":"open","sticky":false,"template":"","format":"standard","meta":{"footnotes":""},"categories":[12],"tags":[],"class_list":["post-8534","post","type-post","status-publish","format-standard","has-post-thumbnail","hentry","category-cidade"],"_links":{"self":[{"href":"https:\/\/tvc16.com\/portal\/wp-json\/wp\/v2\/posts\/8534","targetHints":{"allow":["GET"]}}],"collection":[{"href":"https:\/\/tvc16.com\/portal\/wp-json\/wp\/v2\/posts"}],"about":[{"href":"https:\/\/tvc16.com\/portal\/wp-json\/wp\/v2\/types\/post"}],"author":[{"embeddable":true,"href":"https:\/\/tvc16.com\/portal\/wp-json\/wp\/v2\/users\/2"}],"replies":[{"embeddable":true,"href":"https:\/\/tvc16.com\/portal\/wp-json\/wp\/v2\/comments?post=8534"}],"version-history":[{"count":4,"href":"https:\/\/tvc16.com\/portal\/wp-json\/wp\/v2\/posts\/8534\/revisions"}],"predecessor-version":[{"id":8541,"href":"https:\/\/tvc16.com\/portal\/wp-json\/wp\/v2\/posts\/8534\/revisions\/8541"}],"wp:featuredmedia":[{"embeddable":true,"href":"https:\/\/tvc16.com\/portal\/wp-json\/wp\/v2\/media\/8535"}],"wp:attachment":[{"href":"https:\/\/tvc16.com\/portal\/wp-json\/wp\/v2\/media?parent=8534"}],"wp:term":[{"taxonomy":"category","embeddable":true,"href":"https:\/\/tvc16.com\/portal\/wp-json\/wp\/v2\/categories?post=8534"},{"taxonomy":"post_tag","embeddable":true,"href":"https:\/\/tvc16.com\/portal\/wp-json\/wp\/v2\/tags?post=8534"}],"curies":[{"name":"wp","href":"https:\/\/api.w.org\/{rel}","templated":true}]}}