{"id":8542,"date":"2020-12-20T14:16:08","date_gmt":"2020-12-20T17:16:08","guid":{"rendered":"https:\/\/tvc16.com\/portal\/?p=8542"},"modified":"2020-12-20T14:16:10","modified_gmt":"2020-12-20T17:16:10","slug":"morre-nicette-bruno-brasil-perde-mais-uma-grande-atriz-para-a-covid-19","status":"publish","type":"post","link":"https:\/\/tvc16.com\/portal\/2020\/12\/20\/morre-nicette-bruno-brasil-perde-mais-uma-grande-atriz-para-a-covid-19\/","title":{"rendered":"Morre Nicette Bruno: Brasil perde mais uma grande atriz para a Covid-19"},"content":{"rendered":"\n<p>Morreu neste domingo (20), aos 87 anos, por complica\u00e7\u00f5es causadas pela Covid 19.<\/p>\n\n\n\n<p>Nicette estava internada na Unidade de Terapia Intensiva (UTI) na Casa de Sa\u00fade S\u00e3o Jos\u00e9, no Humait\u00e1, zona sul do Rio de Janeiro. A informa\u00e7\u00e3o da morte foi confirmada pelo hospital por volta das 13h20.<\/p>\n\n\n\n<p>A atriz foi internada no dia 26 de novembro, ap\u00f3s ser diagnosticada com Covid-19. Na ocasi\u00e3o, Beth Goulart, filha da atriz, afirmou que a veterana foi levada para o CTI, mas ainda apresentava um quadro est\u00e1vel. <\/p>\n","protected":false},"excerpt":{"rendered":"<p>Morreu neste domingo (20), aos 87 anos, por complica\u00e7\u00f5es causadas pela Covid 19. Nicette estava<\/p>\n","protected":false},"author":2,"featured_media":8543,"comment_status":"open","ping_status":"open","sticky":false,"template":"","format":"standard","meta":{"footnotes":""},"categories":[17],"tags":[],"class_list":["post-8542","post","type-post","status-publish","format-standard","has-post-thumbnail","hentry","category-outras-noticias"],"_links":{"self":[{"href":"https:\/\/tvc16.com\/portal\/wp-json\/wp\/v2\/posts\/8542","targetHints":{"allow":["GET"]}}],"collection":[{"href":"https:\/\/tvc16.com\/portal\/wp-json\/wp\/v2\/posts"}],"about":[{"href":"https:\/\/tvc16.com\/portal\/wp-json\/wp\/v2\/types\/post"}],"author":[{"embeddable":true,"href":"https:\/\/tvc16.com\/portal\/wp-json\/wp\/v2\/users\/2"}],"replies":[{"embeddable":true,"href":"https:\/\/tvc16.com\/portal\/wp-json\/wp\/v2\/comments?post=8542"}],"version-history":[{"count":1,"href":"https:\/\/tvc16.com\/portal\/wp-json\/wp\/v2\/posts\/8542\/revisions"}],"predecessor-version":[{"id":8544,"href":"https:\/\/tvc16.com\/portal\/wp-json\/wp\/v2\/posts\/8542\/revisions\/8544"}],"wp:featuredmedia":[{"embeddable":true,"href":"https:\/\/tvc16.com\/portal\/wp-json\/wp\/v2\/media\/8543"}],"wp:attachment":[{"href":"https:\/\/tvc16.com\/portal\/wp-json\/wp\/v2\/media?parent=8542"}],"wp:term":[{"taxonomy":"category","embeddable":true,"href":"https:\/\/tvc16.com\/portal\/wp-json\/wp\/v2\/categories?post=8542"},{"taxonomy":"post_tag","embeddable":true,"href":"https:\/\/tvc16.com\/portal\/wp-json\/wp\/v2\/tags?post=8542"}],"curies":[{"name":"wp","href":"https:\/\/api.w.org\/{rel}","templated":true}]}}