{"id":8549,"date":"2020-12-20T14:23:26","date_gmt":"2020-12-20T17:23:26","guid":{"rendered":"https:\/\/tvc16.com\/portal\/?p=8549"},"modified":"2020-12-20T14:23:28","modified_gmt":"2020-12-20T17:23:28","slug":"trem-turistico-liga-cidades-do-interior-paulista","status":"publish","type":"post","link":"https:\/\/tvc16.com\/portal\/2020\/12\/20\/trem-turistico-liga-cidades-do-interior-paulista\/","title":{"rendered":"Trem tur\u00edstico liga cidades do interior paulista"},"content":{"rendered":"\n<h3 class=\"wp-block-heading\">Trajeto entre Itu e Salto, de sete km, ser\u00e1 feito em 40 minutos<\/h3>\n\n\n\n<h4 class=\"wp-block-heading\"><\/h4>\n\n\n\n<p>As cidades de Itu e Salto, no interior paulista, passaram a ser ligadas nesse&nbsp;s\u00e1bado&nbsp;(19) por um trem tur\u00edstico. O trajeto do Trem Republicano, em refer\u00eancia \u00e0 Conven\u00e7\u00e3o Republicana, ocorrida em Itu em 1873,&nbsp;ter\u00e1 aproximadamente sete quil\u00f4metros e ser\u00e1 feito em cerca de 40 minutos. A viagem inaugural foi feita ontem&nbsp;(19).<img decoding=\"async\" src=\"https:\/\/agenciabrasil.ebc.com.br\/ebc.png?id=1396935&amp;o=node\"><img decoding=\"async\" src=\"https:\/\/agenciabrasil.ebc.com.br\/ebc.gif?id=1396935&amp;o=node\"><\/p>\n\n\n\n<p>\u201cO Trem Republicano ser\u00e1 um marco na hist\u00f3ria do turismo das duas cidades e de toda a regi\u00e3o. Com a sua chegada, acreditamos que Itu entre na prateleira de produtos das grandes operadoras nacionais. Isso dever\u00e1 aumentar muito o fluxo de visitantes na cidade\u201d, disse o secret\u00e1rio municipal de Turismo, Lazer e Eventos de Itu, Vin\u00edcius Salton.<\/p>\n\n\n\n<p>O trem ser\u00e1 puxado por uma locomotiva a diesel, a n\u00famero tr\u00eas da Companhia Mogiana, de 1952, e&nbsp;ter\u00e1 tr\u00eas vag\u00f5es: o convencional, o tur\u00edstico (com acessibilidade) e uma boutique (onde&nbsp;<em>pets<\/em>&nbsp;poder\u00e3o ser transportados). As primeiras viagens abertas ao p\u00fablico ocorrer\u00e3o at\u00e9 o fim do ano, e as passagens poder\u00e3o ser adquiridas nas esta\u00e7\u00f5es.<\/p>\n\n\n\n<p>A linha ser\u00e1 operada pela concession\u00e1ria Serra Verde Express, a mesma que opera o trem tur\u00edstico que faz a liga\u00e7\u00e3o entre Curitiba e o litoral paranaense. Informa\u00e7\u00f5es sobre passagens podem ser obtidas em\u00a0<a rel=\"noreferrer noopener\" href=\"https:\/\/www.tremrepublicano.com.br\/\" target=\"_blank\">https:\/\/www.tremrepublicano.com.br<\/a>\u00a0.<\/p>\n\n\n\n<p>Por Bruno Bocchini &#8211; Rep\u00f3rter da Ag\u00eancia Brasil &#8211; S\u00e3o Paulo<\/p>\n\n\n\n<p>Edi\u00e7\u00e3o: Gra\u00e7a Adjuto<\/p>\n","protected":false},"excerpt":{"rendered":"<p>Trajeto entre Itu e Salto, de sete km, ser\u00e1 feito em 40 minutos As cidades<\/p>\n","protected":false},"author":2,"featured_media":8550,"comment_status":"open","ping_status":"open","sticky":false,"template":"","format":"standard","meta":{"footnotes":""},"categories":[17],"tags":[],"class_list":["post-8549","post","type-post","status-publish","format-standard","has-post-thumbnail","hentry","category-outras-noticias"],"_links":{"self":[{"href":"https:\/\/tvc16.com\/portal\/wp-json\/wp\/v2\/posts\/8549","targetHints":{"allow":["GET"]}}],"collection":[{"href":"https:\/\/tvc16.com\/portal\/wp-json\/wp\/v2\/posts"}],"about":[{"href":"https:\/\/tvc16.com\/portal\/wp-json\/wp\/v2\/types\/post"}],"author":[{"embeddable":true,"href":"https:\/\/tvc16.com\/portal\/wp-json\/wp\/v2\/users\/2"}],"replies":[{"embeddable":true,"href":"https:\/\/tvc16.com\/portal\/wp-json\/wp\/v2\/comments?post=8549"}],"version-history":[{"count":1,"href":"https:\/\/tvc16.com\/portal\/wp-json\/wp\/v2\/posts\/8549\/revisions"}],"predecessor-version":[{"id":8551,"href":"https:\/\/tvc16.com\/portal\/wp-json\/wp\/v2\/posts\/8549\/revisions\/8551"}],"wp:featuredmedia":[{"embeddable":true,"href":"https:\/\/tvc16.com\/portal\/wp-json\/wp\/v2\/media\/8550"}],"wp:attachment":[{"href":"https:\/\/tvc16.com\/portal\/wp-json\/wp\/v2\/media?parent=8549"}],"wp:term":[{"taxonomy":"category","embeddable":true,"href":"https:\/\/tvc16.com\/portal\/wp-json\/wp\/v2\/categories?post=8549"},{"taxonomy":"post_tag","embeddable":true,"href":"https:\/\/tvc16.com\/portal\/wp-json\/wp\/v2\/tags?post=8549"}],"curies":[{"name":"wp","href":"https:\/\/api.w.org\/{rel}","templated":true}]}}