{"id":8575,"date":"2020-12-20T15:27:05","date_gmt":"2020-12-20T18:27:05","guid":{"rendered":"https:\/\/tvc16.com\/portal\/?p=8575"},"modified":"2020-12-20T15:27:08","modified_gmt":"2020-12-20T18:27:08","slug":"caixa-paga-hoje-auxilio-emergencial-para-beneficiarios-do-ciclo-6","status":"publish","type":"post","link":"https:\/\/tvc16.com\/portal\/2020\/12\/20\/caixa-paga-hoje-auxilio-emergencial-para-beneficiarios-do-ciclo-6\/","title":{"rendered":"Caixa paga&nbsp;hoje&nbsp;aux\u00edlio emergencial para benefici\u00e1rios do ciclo 6"},"content":{"rendered":"\n<h3 class=\"wp-block-heading\">Cr\u00e9dito ser\u00e1 para 6,6 milh\u00f5es de pessoas nascidas em julho e agosto<\/h3>\n\n\n\n<h4 class=\"wp-block-heading\"><\/h4>\n\n\n\n<p>Cerca de 6,6 milh\u00f5es de benefici\u00e1rios do ciclo 6 nascidos em julho e agosto recebem&nbsp;hoje&nbsp;(20) R$ 2,1 bilh\u00f5es em suas contas poupan\u00e7a sociais digitais. Desse total, 129,3 mil receber\u00e3o R$ 77,6 milh\u00f5es referentes \u00e0s parcelas do aux\u00edlio emergencial, de R$ 600 (R$ 1,2 mil para m\u00e3es solteiras). Os demais, 6,4 milh\u00f5es, receber\u00e3o as parcelas do aux\u00edlio emergencial extens\u00e3o de R$ 300 (R$ 600 para m\u00e3es solteiras), em um montante de R$ 1,93 bilh\u00e3o.<img decoding=\"async\" src=\"https:\/\/agenciabrasil.ebc.com.br\/ebc.png?id=1396929&amp;o=node\"><img decoding=\"async\" src=\"https:\/\/agenciabrasil.ebc.com.br\/ebc.gif?id=1396929&amp;o=node\"><\/p>\n\n\n\n<p>A partir deste domingo, os valores podem ser movimentados pelo aplicativo Caixa Tem para pagamento de boletos ou nas casas lot\u00e9ricas, compras pela internet e pelas maquininhas de estabelecimentos comerciais.<\/p>\n\n\n\n<p>Saques e transfer\u00eancias para quem recebe o cr\u00e9dito&nbsp;hoje&nbsp;ser\u00e3o liberados em janeiro. Os nascidos em julho poder\u00e3o movimentar o dinheiro a partir de&nbsp;15 de janeiro. Para os nascidos em agosto, o saque ser\u00e1 liberado em&nbsp;18 de janeiro.<br><br>O dep\u00f3sito na conta poupan\u00e7a digital para trabalhadores informais ocorrer\u00e1 gradualmente at\u00e9 o pr\u00f3ximo dia 29. O dinheiro ser\u00e1 liberado conforme o m\u00eas de nascimento do benefici\u00e1rio.<br><br>Amanh\u00e3 (21), cerca de 900 mil trabalhadores informais nascidos&nbsp;de janeiro&nbsp;a setembro ser\u00e3o inclu\u00eddos no ciclo 6 e&nbsp;ter\u00e3o o benef\u00edcio depositado nas contas poupan\u00e7a digitais. Os benefici\u00e1rios nascidos&nbsp;de outubro&nbsp;a dezembro seguir\u00e3o o calend\u00e1rio normal do ciclo 6. Os benefici\u00e1rios desse lote extra, nascidos em janeiro e fevereiro, j\u00e1 poder\u00e3o sacar o dinheiro. Para os nascidos&nbsp;de mar\u00e7o em diante, a retirada seguir\u00e1 o cronograma do ciclo 6, ocorrendo em dias escalonados ao longo&nbsp;de janeiro.<\/p>\n\n\n\n<h2 class=\"wp-block-heading\">Bolsa Fam\u00edlia<\/h2>\n\n\n\n<p>Tamb\u00e9m nesta&nbsp;segunda-feira, a Caixa faz o pagamento da \u00faltima parcela do aux\u00edlio emergencial extens\u00e3o para os benefici\u00e1rios do Bolsa Fam\u00edlia. Cerca de 1,6 milh\u00e3o de pessoas com N\u00famero de Identifica\u00e7\u00e3o Social (NIS) final 8 receber\u00e3o R$ 422,2 milh\u00f5es.<\/p>\n\n\n\n<p>O pagamento do aux\u00edlio emergencial extens\u00e3o aos inscritos no Bolsa Fam\u00edlia come\u00e7ou no \u00faltimo dia 10 e vai at\u00e9 a pr\u00f3xima&nbsp;quarta-feira (23), conforme o d\u00edgito final do NIS. Durante todo o m\u00eas&nbsp;de dezembro, mais de 16 milh\u00f5es de pessoas cadastradas no programa e consideradas eleg\u00edveis v\u00e3o receber, no total, R$ 4,2 bilh\u00f5es.<\/p>\n\n\n\n<p>Para quem recebe o Bolsa Fam\u00edlia nada muda em rela\u00e7\u00e3o ao calend\u00e1rio normal de pagamentos. O recebimento do aux\u00edlio emergencial extens\u00e3o atende aos mesmos crit\u00e9rios e datas do benef\u00edcio regular, permitindo a utiliza\u00e7\u00e3o do cart\u00e3o nos canais de autoatendimento, unidades lot\u00e9ricas e correspondentes Caixa Aqui, ou por cr\u00e9dito na conta Caixa F\u00e1cil.<\/p>\n\n\n\n<p>Para o pagamento do aux\u00edlio emergencial extens\u00e3o, os benefici\u00e1rios do Bolsa Fam\u00edlia tiveram avalia\u00e7\u00e3o de elegibilidade realizada pelo Minist\u00e9rio da Cidadania \u2013 conforme Medida Provis\u00f3ria n\u00ba 1.000, de\u00a02 de setembro\u00a0de 2020 \u2013 e recebem o valor do programa complementado pela extens\u00e3o do aux\u00edlio emergencial em at\u00e9 R$ 300 ou em at\u00e9 R$ 600, no caso de m\u00e3es solteiras. Se o valor do Bolsa Fam\u00edlia for igual ou maior que R$ 300 ou R$ 600, o benefici\u00e1rio receber\u00e1 o valor do Bolsa Fam\u00edlia, sempre privilegiando o benef\u00edcio de maior valor.<\/p>\n\n\n\n<p>Por Wellton M\u00e1ximo &#8211; Rep\u00f3rter da Ag\u00eancia Brasil &#8211; Bras\u00edlia<\/p>\n\n\n\n<p>Edi\u00e7\u00e3o: Gra\u00e7a Adjuto<\/p>\n","protected":false},"excerpt":{"rendered":"<p>Cr\u00e9dito ser\u00e1 para 6,6 milh\u00f5es de pessoas nascidas em julho e agosto Cerca de 6,6<\/p>\n","protected":false},"author":2,"featured_media":8576,"comment_status":"open","ping_status":"open","sticky":false,"template":"","format":"standard","meta":{"footnotes":""},"categories":[17],"tags":[],"class_list":["post-8575","post","type-post","status-publish","format-standard","has-post-thumbnail","hentry","category-outras-noticias"],"_links":{"self":[{"href":"https:\/\/tvc16.com\/portal\/wp-json\/wp\/v2\/posts\/8575","targetHints":{"allow":["GET"]}}],"collection":[{"href":"https:\/\/tvc16.com\/portal\/wp-json\/wp\/v2\/posts"}],"about":[{"href":"https:\/\/tvc16.com\/portal\/wp-json\/wp\/v2\/types\/post"}],"author":[{"embeddable":true,"href":"https:\/\/tvc16.com\/portal\/wp-json\/wp\/v2\/users\/2"}],"replies":[{"embeddable":true,"href":"https:\/\/tvc16.com\/portal\/wp-json\/wp\/v2\/comments?post=8575"}],"version-history":[{"count":1,"href":"https:\/\/tvc16.com\/portal\/wp-json\/wp\/v2\/posts\/8575\/revisions"}],"predecessor-version":[{"id":8577,"href":"https:\/\/tvc16.com\/portal\/wp-json\/wp\/v2\/posts\/8575\/revisions\/8577"}],"wp:featuredmedia":[{"embeddable":true,"href":"https:\/\/tvc16.com\/portal\/wp-json\/wp\/v2\/media\/8576"}],"wp:attachment":[{"href":"https:\/\/tvc16.com\/portal\/wp-json\/wp\/v2\/media?parent=8575"}],"wp:term":[{"taxonomy":"category","embeddable":true,"href":"https:\/\/tvc16.com\/portal\/wp-json\/wp\/v2\/categories?post=8575"},{"taxonomy":"post_tag","embeddable":true,"href":"https:\/\/tvc16.com\/portal\/wp-json\/wp\/v2\/tags?post=8575"}],"curies":[{"name":"wp","href":"https:\/\/api.w.org\/{rel}","templated":true}]}}