{"id":8578,"date":"2020-12-20T17:02:49","date_gmt":"2020-12-20T20:02:49","guid":{"rendered":"https:\/\/tvc16.com\/portal\/?p=8578"},"modified":"2020-12-20T17:02:52","modified_gmt":"2020-12-20T20:02:52","slug":"preparo-do-terreno-para-a-construcao-do-supermercado-extra-na-rua-paulo-barbosa-esta-em-ritmo-acelerado-a-previsao-de-inauguracao-e-para-marco-de-2021","status":"publish","type":"post","link":"https:\/\/tvc16.com\/portal\/2020\/12\/20\/preparo-do-terreno-para-a-construcao-do-supermercado-extra-na-rua-paulo-barbosa-esta-em-ritmo-acelerado-a-previsao-de-inauguracao-e-para-marco-de-2021\/","title":{"rendered":"Preparo do terreno, para a constru\u00e7\u00e3o do Supermercado Extra, na Rua Paulo Barbosa, est\u00e1 em ritmo acelerado. A previs\u00e3o de inaugura\u00e7\u00e3o \u00e9 para mar\u00e7o de 2021"},"content":{"rendered":"\n<p>Come\u00e7ou no \u00faltimo dia 10, a prepara\u00e7\u00e3o do terreno para a reconstru\u00e7\u00e3o do supermercado Extra na Rua Paulo Barbosa, no Centro.\u00a0 Est\u00e3o previstos aproximadamente 500 empregos diretos gerados em Petr\u00f3polis at\u00e9 mar\u00e7o de 2021. Em 2017 um inc\u00eandio destruiu o empreendimento.<\/p>\n\n\n\n<figure class=\"wp-block-image size-large\"><img loading=\"lazy\" decoding=\"async\" width=\"1024\" height=\"576\" src=\"https:\/\/tvc16.com\/portal\/wp-content\/uploads\/2020\/12\/20201215_164203-1024x576.jpg\" alt=\"\" class=\"wp-image-8579\" srcset=\"https:\/\/tvc16.com\/portal\/wp-content\/uploads\/2020\/12\/20201215_164203-1024x576.jpg 1024w, https:\/\/tvc16.com\/portal\/wp-content\/uploads\/2020\/12\/20201215_164203-300x169.jpg 300w, https:\/\/tvc16.com\/portal\/wp-content\/uploads\/2020\/12\/20201215_164203-768x432.jpg 768w, https:\/\/tvc16.com\/portal\/wp-content\/uploads\/2020\/12\/20201215_164203-1536x864.jpg 1536w, https:\/\/tvc16.com\/portal\/wp-content\/uploads\/2020\/12\/20201215_164203-2048x1152.jpg 2048w\" sizes=\"auto, (max-width: 1024px) 100vw, 1024px\" \/><\/figure>\n\n\n\n<p>Ser\u00e3o mais de 500 empregos gerados na Cidade, 200 no per\u00edodo de obras e aproximadamente 300 empregos depois da loja inaugurada.<\/p>\n\n\n\n<p>A Rede\u00a0de supermercados Extra\u00a0faz parte do GPA, maior grupo de varejo da Am\u00e9rica do Sul,<\/p>\n","protected":false},"excerpt":{"rendered":"<p>Come\u00e7ou no \u00faltimo dia 10, a prepara\u00e7\u00e3o do terreno para a reconstru\u00e7\u00e3o do supermercado Extra<\/p>\n","protected":false},"author":2,"featured_media":8580,"comment_status":"open","ping_status":"open","sticky":false,"template":"","format":"standard","meta":{"footnotes":""},"categories":[12],"tags":[],"class_list":["post-8578","post","type-post","status-publish","format-standard","has-post-thumbnail","hentry","category-cidade"],"_links":{"self":[{"href":"https:\/\/tvc16.com\/portal\/wp-json\/wp\/v2\/posts\/8578","targetHints":{"allow":["GET"]}}],"collection":[{"href":"https:\/\/tvc16.com\/portal\/wp-json\/wp\/v2\/posts"}],"about":[{"href":"https:\/\/tvc16.com\/portal\/wp-json\/wp\/v2\/types\/post"}],"author":[{"embeddable":true,"href":"https:\/\/tvc16.com\/portal\/wp-json\/wp\/v2\/users\/2"}],"replies":[{"embeddable":true,"href":"https:\/\/tvc16.com\/portal\/wp-json\/wp\/v2\/comments?post=8578"}],"version-history":[{"count":1,"href":"https:\/\/tvc16.com\/portal\/wp-json\/wp\/v2\/posts\/8578\/revisions"}],"predecessor-version":[{"id":8581,"href":"https:\/\/tvc16.com\/portal\/wp-json\/wp\/v2\/posts\/8578\/revisions\/8581"}],"wp:featuredmedia":[{"embeddable":true,"href":"https:\/\/tvc16.com\/portal\/wp-json\/wp\/v2\/media\/8580"}],"wp:attachment":[{"href":"https:\/\/tvc16.com\/portal\/wp-json\/wp\/v2\/media?parent=8578"}],"wp:term":[{"taxonomy":"category","embeddable":true,"href":"https:\/\/tvc16.com\/portal\/wp-json\/wp\/v2\/categories?post=8578"},{"taxonomy":"post_tag","embeddable":true,"href":"https:\/\/tvc16.com\/portal\/wp-json\/wp\/v2\/tags?post=8578"}],"curies":[{"name":"wp","href":"https:\/\/api.w.org\/{rel}","templated":true}]}}