{"id":8593,"date":"2020-12-21T08:18:58","date_gmt":"2020-12-21T11:18:58","guid":{"rendered":"https:\/\/tvc16.com\/portal\/?p=8593"},"modified":"2020-12-21T08:19:00","modified_gmt":"2020-12-21T11:19:00","slug":"policia-do-rio-apreende-media-de-uma-arma-por-hora-na-ultima-decada","status":"publish","type":"post","link":"https:\/\/tvc16.com\/portal\/2020\/12\/21\/policia-do-rio-apreende-media-de-uma-arma-por-hora-na-ultima-decada\/","title":{"rendered":"Pol\u00edcia do Rio apreende m\u00e9dia de uma arma por hora na \u00faltima d\u00e9cada"},"content":{"rendered":"\n<h3 class=\"wp-block-heading\">S\u00f3 em 2019 foram 8.423 armas, avaliadas em R$ 23 milh\u00f5es<\/h3>\n\n\n\n<p>As pol\u00edcias do Rio de Janeiro apreenderam cerca de 83 mil armas ilegais das m\u00e3os de criminosos no estado, no per\u00edodo de dez anos. O volume corresponde \u00e0 m\u00e9dia de quase uma arma apreendida por hora, entre 2010 e 2019, segundo dados divulgados&nbsp;hoje&nbsp;(21) pelo Instituto de Seguran\u00e7a P\u00fablica (ISP).<img decoding=\"async\" src=\"https:\/\/agenciabrasil.ebc.com.br\/ebc.png?id=1396975&amp;o=node\"><img decoding=\"async\" src=\"https:\/\/agenciabrasil.ebc.com.br\/ebc.gif?id=1396975&amp;o=node\"><\/p>\n\n\n\n<p>Apenas em 2019, foram 8.423 armas, entre fuzis, pistolas, rev\u00f3lveres e metralhadoras. A apreens\u00e3o \u00e9 avaliada em cerca de R$ 23 milh\u00f5es.<\/p>\n\n\n\n<p>De acordo com o relat\u00f3rio do ISP, das armas apreendidas em 2019, 3.784 (ou 45%) eram pistolas e 550 (6,5%) eram fuzis. A quantidade de fuzis apreendidos \u00e9 a maior desde 2007. O uso desses dois tipos de armas implica, segundo o ISP, em maior quantidade de disparos realizados. O fuzil ainda tem o agravante de permitir um alcance maior do tiro.<br><br>\u201cHouve crescimento\u00a0na apreens\u00e3o de pistolas e fuzis, o que pode demonstrar um aumento no poder de letalidade dos criminosos e das organiza\u00e7\u00f5es criminosas, isso porque as pistolas e fuzis admitem maiores quantidades de disparos do que rev\u00f3lveres e espingardas. Elas tamb\u00e9m permitem que sejam acopladas, o que n\u00f3s chamamos popularmente de &#8216;kit rajada&#8217;, fazendo com que, com um \u00fanico acionamento, ela consiga realizar diversos disparos\u201d, disse a presidente do ISP, Marcela Ortiz.<br><br>Entre as armas apreendidas, 59% eram estrangeiras e 41% de fabrica\u00e7\u00e3o nacional. Grande parte do armamento (20,4%) foi arrecadada\u00a0pela pol\u00edcia durante suposto confronto de criminoso com um policial.<\/p>\n\n\n\n<p>Por Vitor Abdala &#8211; Rep\u00f3rter da Ag\u00eancia Brasil &#8211; Rio de Janeiro<\/p>\n\n\n\n<p>Edi\u00e7\u00e3o: Gra\u00e7a Adjuto<\/p>\n","protected":false},"excerpt":{"rendered":"<p>S\u00f3 em 2019 foram 8.423 armas, avaliadas em R$ 23 milh\u00f5es As pol\u00edcias do Rio<\/p>\n","protected":false},"author":2,"featured_media":8594,"comment_status":"open","ping_status":"open","sticky":false,"template":"","format":"standard","meta":{"footnotes":""},"categories":[17],"tags":[],"class_list":["post-8593","post","type-post","status-publish","format-standard","has-post-thumbnail","hentry","category-outras-noticias"],"_links":{"self":[{"href":"https:\/\/tvc16.com\/portal\/wp-json\/wp\/v2\/posts\/8593","targetHints":{"allow":["GET"]}}],"collection":[{"href":"https:\/\/tvc16.com\/portal\/wp-json\/wp\/v2\/posts"}],"about":[{"href":"https:\/\/tvc16.com\/portal\/wp-json\/wp\/v2\/types\/post"}],"author":[{"embeddable":true,"href":"https:\/\/tvc16.com\/portal\/wp-json\/wp\/v2\/users\/2"}],"replies":[{"embeddable":true,"href":"https:\/\/tvc16.com\/portal\/wp-json\/wp\/v2\/comments?post=8593"}],"version-history":[{"count":1,"href":"https:\/\/tvc16.com\/portal\/wp-json\/wp\/v2\/posts\/8593\/revisions"}],"predecessor-version":[{"id":8595,"href":"https:\/\/tvc16.com\/portal\/wp-json\/wp\/v2\/posts\/8593\/revisions\/8595"}],"wp:featuredmedia":[{"embeddable":true,"href":"https:\/\/tvc16.com\/portal\/wp-json\/wp\/v2\/media\/8594"}],"wp:attachment":[{"href":"https:\/\/tvc16.com\/portal\/wp-json\/wp\/v2\/media?parent=8593"}],"wp:term":[{"taxonomy":"category","embeddable":true,"href":"https:\/\/tvc16.com\/portal\/wp-json\/wp\/v2\/categories?post=8593"},{"taxonomy":"post_tag","embeddable":true,"href":"https:\/\/tvc16.com\/portal\/wp-json\/wp\/v2\/tags?post=8593"}],"curies":[{"name":"wp","href":"https:\/\/api.w.org\/{rel}","templated":true}]}}