{"id":8603,"date":"2020-12-21T13:08:44","date_gmt":"2020-12-21T16:08:44","guid":{"rendered":"https:\/\/tvc16.com\/portal\/?p=8603"},"modified":"2020-12-21T13:08:47","modified_gmt":"2020-12-21T16:08:47","slug":"lei-seca-inicia-operacao-verao-nesta-segunda-feira-21-e-segue-ate-marco","status":"publish","type":"post","link":"https:\/\/tvc16.com\/portal\/2020\/12\/21\/lei-seca-inicia-operacao-verao-nesta-segunda-feira-21-e-segue-ate-marco\/","title":{"rendered":"Lei Seca inicia Opera\u00e7\u00e3o Ver\u00e3o nesta segunda-feira (21) e segue at\u00e9 mar\u00e7o"},"content":{"rendered":"\n<p><em>As blitzes diurnas acontecer\u00e3o nos principais acessos \u00e0s praias e \u00e1reas de lazer<\/em><\/p>\n\n\n\n<p>A Opera\u00e7\u00e3o Lei Seca inicia nesta segunda-feira (21) a Opera\u00e7\u00e3o Ver\u00e3o, com\u00a0<em>blitzes<\/em>\u00a0diurnas de fiscaliza\u00e7\u00e3o e conscientiza\u00e7\u00e3o nos principais acessos \u00e0s praias, \u00e1reas de lazer e cachoeiras. As a\u00e7\u00f5es ser\u00e3o realizadas\u00a0em toda a Regi\u00e3o Metropolitana e Interior do estado e v\u00e3o durar at\u00e9 o fim da esta\u00e7\u00e3o, em mar\u00e7o.<\/p>\n\n\n\n<p>Na \u00faltima edi\u00e7\u00e3o da Opera\u00e7\u00e3o Ver\u00e3o, que aconteceu de 16 de janeiro a 15 de mar\u00e7o deste ano, foram realizadas 94 a\u00e7\u00f5es e abordados 5.527 motoristas, destes, 423 apresentavam sinais de embriaguez, o que representa 7,6% do total de abordados.<\/p>\n\n\n\n<p>Durante todo o ver\u00e3o tamb\u00e9m ser\u00e3o intensificadas as a\u00e7\u00f5es educativas nas \u00e1reas de lazer e praias a fim de alertar a popula\u00e7\u00e3o sobre os riscos de beber e dirigir.&nbsp;<\/p>\n\n\n\n<p>As\u00a0blitzes\u00a0noturnas continuar\u00e3o acontecendo normalmente.<\/p>\n\n\n\n<div class=\"wp-block-image\"><figure class=\"aligncenter size-large\"><img loading=\"lazy\" decoding=\"async\" width=\"300\" height=\"250\" src=\"https:\/\/tvc16.com\/portal\/wp-content\/uploads\/2020\/12\/images-23.jpeg\" alt=\"\" class=\"wp-image-8604\"\/><\/figure><\/div>\n\n\n\n<p><strong>Blitz com novos procedimentos&nbsp;<\/strong><\/p>\n\n\n\n<p>As blitzes de fiscaliza\u00e7\u00e3o da Lei Seca ficaram suspensas por quase sete meses devido&nbsp;\u00e0 pandemia da Covid 19 e retornaram no m\u00eas de Outubro, com novos procedimentos orientados pela Secretaria Estadual de Sa\u00fade para n\u00e3o expor a risco de contamina\u00e7\u00e3o os agentes e nem a popula\u00e7\u00e3o.&nbsp;<\/p>\n\n\n\n<p>Neste novo modelo da blitz \u00e9 feita uma triagem com o uso de etil\u00f4metro passivo, ou seja, sem necessidade de sopro e sem contato com o motorista. Sendo detectada a presen\u00e7a de \u00e1lcool \u00e9 realizada uma segunda triagem, e caso o resultado d\u00ea positivo novamente \u00e9 realizado o tradicional teste do baf\u00f4metro com o bocal descart\u00e1vel e todos os procedimentos de higiene.<\/p>\n\n\n\n<p>Ap\u00f3s o uso dos aparelhos eles s\u00e3o higienizados com hipoclorito de s\u00f3dio a 2,5% (\u00e1gua sanit\u00e1ria).<\/p>\n\n\n\n<p>Durante a abordagem, o motorista e o policial ficam separados por uma barreira protetora de pl\u00e1stico transparente. Neste momento o motorista apresenta os documentos para que o agente do Detran fa\u00e7a imediatamente a verifica\u00e7\u00e3o.<\/p>\n\n\n\n<p>Em todas as blitzes s\u00e3o disponibilizados totens de \u00e1lcool em gel com acionamento via pedal para os motoristas abordados e para os agentes que atuam na Opera\u00e7\u00e3o.&nbsp;<\/p>\n\n\n\n<p>A reorganiza\u00e7\u00e3o na estrutura da blitz da Lei Seca leva em considera\u00e7\u00e3o um maior distanciamento entre as pessoas. Todos os profissionais que atuam na Opera\u00e7\u00e3o utilizam m\u00e1scaras e protetor facial (<em>face shield<\/em>).<\/p>\n","protected":false},"excerpt":{"rendered":"<p>As blitzes diurnas acontecer\u00e3o nos principais acessos \u00e0s praias e \u00e1reas de lazer A Opera\u00e7\u00e3o<\/p>\n","protected":false},"author":2,"featured_media":8605,"comment_status":"open","ping_status":"open","sticky":false,"template":"","format":"standard","meta":{"footnotes":""},"categories":[17],"tags":[],"class_list":["post-8603","post","type-post","status-publish","format-standard","has-post-thumbnail","hentry","category-outras-noticias"],"_links":{"self":[{"href":"https:\/\/tvc16.com\/portal\/wp-json\/wp\/v2\/posts\/8603","targetHints":{"allow":["GET"]}}],"collection":[{"href":"https:\/\/tvc16.com\/portal\/wp-json\/wp\/v2\/posts"}],"about":[{"href":"https:\/\/tvc16.com\/portal\/wp-json\/wp\/v2\/types\/post"}],"author":[{"embeddable":true,"href":"https:\/\/tvc16.com\/portal\/wp-json\/wp\/v2\/users\/2"}],"replies":[{"embeddable":true,"href":"https:\/\/tvc16.com\/portal\/wp-json\/wp\/v2\/comments?post=8603"}],"version-history":[{"count":1,"href":"https:\/\/tvc16.com\/portal\/wp-json\/wp\/v2\/posts\/8603\/revisions"}],"predecessor-version":[{"id":8606,"href":"https:\/\/tvc16.com\/portal\/wp-json\/wp\/v2\/posts\/8603\/revisions\/8606"}],"wp:featuredmedia":[{"embeddable":true,"href":"https:\/\/tvc16.com\/portal\/wp-json\/wp\/v2\/media\/8605"}],"wp:attachment":[{"href":"https:\/\/tvc16.com\/portal\/wp-json\/wp\/v2\/media?parent=8603"}],"wp:term":[{"taxonomy":"category","embeddable":true,"href":"https:\/\/tvc16.com\/portal\/wp-json\/wp\/v2\/categories?post=8603"},{"taxonomy":"post_tag","embeddable":true,"href":"https:\/\/tvc16.com\/portal\/wp-json\/wp\/v2\/tags?post=8603"}],"curies":[{"name":"wp","href":"https:\/\/api.w.org\/{rel}","templated":true}]}}