{"id":8607,"date":"2020-12-21T14:44:06","date_gmt":"2020-12-21T17:44:06","guid":{"rendered":"https:\/\/tvc16.com\/portal\/?p=8607"},"modified":"2020-12-21T14:56:11","modified_gmt":"2020-12-21T17:56:11","slug":"secretaria-de-estado-de-fazenda-divulga-valores-para-calculo-do-ipva-2021","status":"publish","type":"post","link":"https:\/\/tvc16.com\/portal\/2020\/12\/21\/secretaria-de-estado-de-fazenda-divulga-valores-para-calculo-do-ipva-2021\/","title":{"rendered":"Secretaria de Estado de Fazenda divulga valores para c\u00e1lculo do IPVA 2021"},"content":{"rendered":"\n<p><em>Imposto poder\u00e1 ser pago em tr\u00eas cotas ou \u00e0 vista, com 3% de desconto<\/em><\/p>\n\n\n\n<p>A Secretaria de Estado de Fazenda do Rio de Janeiro (Sefaz-RJ) publicou, nesta segunda-feira (21), no Di\u00e1rio Oficial, a Resolu\u00e7\u00e3o Sefaz 188\/20, que traz os valores venais dos ve\u00edculos, base de c\u00e1lculo do Imposto sobre a Propriedade de Ve\u00edculos Automotores (IPVA) de 2021. O tributo poder\u00e1 ser pago em cota \u00fanica, com desconto de 3%, ou em tr\u00eas vezes, sem o abatimento.<\/p>\n\n\n\n<p>Os valores venais s\u00e3o os pre\u00e7os de mercado dos ve\u00edculos, calculados pela Funda\u00e7\u00e3o Instituto de Pesquisas Econ\u00f4micas (Fipe). Sobre esses valores s\u00e3o aplicadas as al\u00edquotas do imposto (4% para carros flex; 2% para motos e 1,5% para carros movidos a GNV).<\/p>\n\n\n\n<p>O pagamento do IPVA dever\u00e1 ser feito por meio da GRD (Guia de Regulariza\u00e7\u00e3o de D\u00e9bitos), que poder\u00e1 ser retirada pelo contribuinte pela internet, no Portal da Sefaz-RJ (<a rel=\"noreferrer noopener\" target=\"_blank\" href=\"http:\/\/www.fazenda.rj.gov.br\/\">www.fazenda.rj.gov.br<\/a>) ou do banco Bradesco (<a rel=\"noreferrer noopener\" target=\"_blank\" href=\"http:\/\/www.bradesco.com.br\/\">www.bradesco.com.br<\/a>). \u00c9 preciso ter em m\u00e3os o n\u00famero do Renavam (Registro Nacional de Ve\u00edculos Automotores). O pagamento dever\u00e1 ser efetuado em dinheiro e poder\u00e1 ser realizado em qualquer ag\u00eancia banc\u00e1ria.<\/p>\n\n\n\n<p>O primeiro vencimento da tabela, para os autom\u00f3veis com final de placa n\u00famero 0, ser\u00e1 no dia 21 de janeiro, tanto para o pagamento da primeira parcela quanto para a quita\u00e7\u00e3o integral do imposto.&nbsp; J\u00e1 para os ve\u00edculos com final de placa 9, o vencimento inicial ser\u00e1 no dia 3 de fevereiro. Confira abaixo o calend\u00e1rio completo de vencimento do IPVA 2021.<\/p>\n\n\n\n<p><strong>CALEND\u00c1RIO DE VENCIMENTOS DO IPVA\/2021 PARA VE\u00cdCULOS AUTOMOTORES TERRESTRES USADOS<\/strong><\/p>\n\n\n\n<p><strong>PAGAMENTO EM COTA \u00daNICA OU EM 3 PARCELAS<\/strong><\/p>\n\n\n\n<figure class=\"wp-block-image size-large\"><img loading=\"lazy\" decoding=\"async\" width=\"986\" height=\"843\" src=\"https:\/\/tvc16.com\/portal\/wp-content\/uploads\/2020\/12\/20201221_145348.jpg\" alt=\"\" class=\"wp-image-8611\" srcset=\"https:\/\/tvc16.com\/portal\/wp-content\/uploads\/2020\/12\/20201221_145348.jpg 986w, https:\/\/tvc16.com\/portal\/wp-content\/uploads\/2020\/12\/20201221_145348-300x256.jpg 300w, https:\/\/tvc16.com\/portal\/wp-content\/uploads\/2020\/12\/20201221_145348-768x657.jpg 768w\" sizes=\"auto, (max-width: 986px) 100vw, 986px\" \/><figcaption>TABELA IPVA 2021<\/figcaption><\/figure>\n","protected":false},"excerpt":{"rendered":"<p>Imposto poder\u00e1 ser pago em tr\u00eas cotas ou \u00e0 vista, com 3% de desconto A<\/p>\n","protected":false},"author":2,"featured_media":8608,"comment_status":"open","ping_status":"open","sticky":false,"template":"","format":"standard","meta":{"footnotes":""},"categories":[17],"tags":[],"class_list":["post-8607","post","type-post","status-publish","format-standard","has-post-thumbnail","hentry","category-outras-noticias"],"_links":{"self":[{"href":"https:\/\/tvc16.com\/portal\/wp-json\/wp\/v2\/posts\/8607","targetHints":{"allow":["GET"]}}],"collection":[{"href":"https:\/\/tvc16.com\/portal\/wp-json\/wp\/v2\/posts"}],"about":[{"href":"https:\/\/tvc16.com\/portal\/wp-json\/wp\/v2\/types\/post"}],"author":[{"embeddable":true,"href":"https:\/\/tvc16.com\/portal\/wp-json\/wp\/v2\/users\/2"}],"replies":[{"embeddable":true,"href":"https:\/\/tvc16.com\/portal\/wp-json\/wp\/v2\/comments?post=8607"}],"version-history":[{"count":2,"href":"https:\/\/tvc16.com\/portal\/wp-json\/wp\/v2\/posts\/8607\/revisions"}],"predecessor-version":[{"id":8612,"href":"https:\/\/tvc16.com\/portal\/wp-json\/wp\/v2\/posts\/8607\/revisions\/8612"}],"wp:featuredmedia":[{"embeddable":true,"href":"https:\/\/tvc16.com\/portal\/wp-json\/wp\/v2\/media\/8608"}],"wp:attachment":[{"href":"https:\/\/tvc16.com\/portal\/wp-json\/wp\/v2\/media?parent=8607"}],"wp:term":[{"taxonomy":"category","embeddable":true,"href":"https:\/\/tvc16.com\/portal\/wp-json\/wp\/v2\/categories?post=8607"},{"taxonomy":"post_tag","embeddable":true,"href":"https:\/\/tvc16.com\/portal\/wp-json\/wp\/v2\/tags?post=8607"}],"curies":[{"name":"wp","href":"https:\/\/api.w.org\/{rel}","templated":true}]}}