{"id":8624,"date":"2020-12-21T15:42:50","date_gmt":"2020-12-21T18:42:50","guid":{"rendered":"https:\/\/tvc16.com\/portal\/?p=8624"},"modified":"2020-12-21T15:42:51","modified_gmt":"2020-12-21T18:42:51","slug":"rua-teresa-intensifica-os-protocolos-de-atendimento-durante-a-pandemia-lojas-seguem-com-funcionamento-em-horarios-especiais-ate-o-fim-do-ano","status":"publish","type":"post","link":"https:\/\/tvc16.com\/portal\/2020\/12\/21\/rua-teresa-intensifica-os-protocolos-de-atendimento-durante-a-pandemia-lojas-seguem-com-funcionamento-em-horarios-especiais-ate-o-fim-do-ano\/","title":{"rendered":"Rua Teresa intensifica os protocolos de atendimento durante a pandemia. Lojas seguem com funcionamento em hor\u00e1rios especiais at\u00e9 o fim do ano"},"content":{"rendered":"\n<p>Um dos maiores polos de moda do estado do Rio de Janeiro, a Rua Teresa, est\u00e1 funcionando normalmente at\u00e9 o fim do ano. De segunda a s\u00e1bado as lojas abrem das 9h \u00e0s 18h e aos domingos (em dezembro) as marcas tem autoriza\u00e7\u00e3o para funcionar em hor\u00e1rio integral e por isso cada empres\u00e1rio decide o melhor per\u00edodo de atendimento. E aten\u00e7\u00e3o para os dias 25 de dezembro (Natal) e 01 de janeiro (Ano Novo) pois as lojas estar\u00e3o fechadas.<\/p>\n\n\n\n<p>\u201cNossas lojas est\u00e3o abertas em hor\u00e1rios estendidos em dezembro para absorver a demanda de fim de ano. Mesmo com a dificuldade que o setor enfrentou em 2020 estamos otimistas e sabemos que a popula\u00e7\u00e3o est\u00e1 resiliente e com certeza vai fazer desse Natal mais especial ainda. Celebraremos com muito amor, cuidado e, claro, com aquela pe\u00e7a linda da Rua Teresa. Estamos com op\u00e7\u00f5es excelentes de presente: com qualidade e pre\u00e7o justo\u201d, acredita Denise Fiorini, presidente da Associa\u00e7\u00e3o da Rua Teresa (ARTE).<\/p>\n\n\n\n<figure class=\"wp-block-image size-large\"><img loading=\"lazy\" decoding=\"async\" width=\"720\" height=\"562\" src=\"https:\/\/tvc16.com\/portal\/wp-content\/uploads\/2020\/12\/Roupas-sao-a-primeira-opcao-de-presente-Reproducao-Instagram-Rua-Teresa.jpg\" alt=\"\" class=\"wp-image-8625\" srcset=\"https:\/\/tvc16.com\/portal\/wp-content\/uploads\/2020\/12\/Roupas-sao-a-primeira-opcao-de-presente-Reproducao-Instagram-Rua-Teresa.jpg 720w, https:\/\/tvc16.com\/portal\/wp-content\/uploads\/2020\/12\/Roupas-sao-a-primeira-opcao-de-presente-Reproducao-Instagram-Rua-Teresa-300x234.jpg 300w\" sizes=\"auto, (max-width: 720px) 100vw, 720px\" \/><\/figure>\n\n\n\n<p>Uma pesquisa sobre a movimenta\u00e7\u00e3o econ\u00f4mica no Natal 2020 feita pelo Instituto Fecom\u00e9rcio de Pesquisas e An\u00e1lises (IFec RJ) revelou que 44,1% dos entrevistados ir\u00e3o presentear familiares e amigos com roupas, o item lidera o ranking que mostra ainda que, 42,6% dar\u00e3o \u201clembrancinhas\u201d, 38,6% brinquedos e 30,2% presentear\u00e3o com cal\u00e7ados, bolsas ou acess\u00f3rios. A pesquisa ouviu 526 consumidores do Estado entre os dias 1\u00ba e 2 de dezembro.<\/p>\n\n\n\n<p>\u201cEssa pesquisa trouxe ainda um n\u00famero interessante, mostrou tamb\u00e9m que o gasto m\u00e9dio deste ano ser\u00e1 maior do que o valor do ano passado. A inten\u00e7\u00e3o dos consumidores em 2020 \u00e9 gastar cerca de R$464,50 com presentes. Isso mostra que a popula\u00e7\u00e3o vem se recuperando do impacto da pandemia e que vamos superar essa fase\u201d, complementa Denise.<\/p>\n\n\n\n<figure class=\"wp-block-image size-large\"><img loading=\"lazy\" decoding=\"async\" width=\"720\" height=\"571\" src=\"https:\/\/tvc16.com\/portal\/wp-content\/uploads\/2020\/12\/Moda-feminina-na-Rua-Teresa-Reproducao-Instagram-Rua-Teresa.jpg\" alt=\"\" class=\"wp-image-8626\" srcset=\"https:\/\/tvc16.com\/portal\/wp-content\/uploads\/2020\/12\/Moda-feminina-na-Rua-Teresa-Reproducao-Instagram-Rua-Teresa.jpg 720w, https:\/\/tvc16.com\/portal\/wp-content\/uploads\/2020\/12\/Moda-feminina-na-Rua-Teresa-Reproducao-Instagram-Rua-Teresa-300x238.jpg 300w\" sizes=\"auto, (max-width: 720px) 100vw, 720px\" \/><\/figure>\n\n\n\n<p>A Rua Teresa vem intensificando os cuidados na hora do atendimento. Desde a reabertura em junho deste ano, depois de 90 dias fechados, os estabelecimentos j\u00e1 est\u00e3o seguindo protocolos estipulados pelas autoridades sanit\u00e1rias. Mas para conter uma poss\u00edvel segunda onda da covid-19 e manter a flexibiliza\u00e7\u00e3o do setor, as lojas redobraram a aten\u00e7\u00e3o com os colaboradores e clientes.<\/p>\n\n\n\n<p>\u201cEstamos mais atentos \u00e0 higieniza\u00e7\u00e3o das m\u00e3os tanto dos vendedores quanto dos visitantes; a limpeza das lojas \u00e9 feita constantemente; o n\u00famero de clientes no interior das lojas est\u00e1 restrito para evitar aglomera\u00e7\u00e3o e os atendimento s\u00e3o feitos apenas para clientes com m\u00e1scara de prote\u00e7\u00e3o. Ali\u00e1s, o uso do item de prote\u00e7\u00e3o \u00e9 obrigat\u00f3rio em Petr\u00f3polis\u201d, refor\u00e7a a presidente da ARTE.<\/p>\n\n\n\n<p>E como parte de uma campanha de conscientiza\u00e7\u00e3o sobre a import\u00e2ncia de continuarmos nos cuidando, a ARTE vem distribuindo m\u00e1scaras de tecido gratuitamente ao longo da Rua. A a\u00e7\u00e3o aconteceu no dia 12 deste m\u00eas e vai se repetir no dia 19 de dezembro.<\/p>\n\n\n\n<p>\u201cA partir das 12h quem estiver nos visitando vai perceber que ao longo da Rua, personagens natalinos distribuem m\u00e1scaras. Percebemos a necessidade de refor\u00e7ar com a popula\u00e7\u00e3o como \u00e9 importante manter as medidas de conten\u00e7\u00e3o do v\u00edrus. Uma dessas medidas \u00e9 o uso correto das m\u00e1scaras\u201d, explica Denise.<\/p>\n\n\n\n<p>Mais informa\u00e7\u00f5es sobre o funcionamento das lojas da Rua Teresa e sobre vendas on-line est\u00e3o l\u00e1 no&nbsp;<em>Instagram<\/em>&nbsp;@ruateresaoficial.<\/p>\n\n\n\n<p><strong>Siga a Rua!<\/strong><\/p>\n\n\n\n<p><strong>@ruateresaoficial<\/strong><\/p>\n","protected":false},"excerpt":{"rendered":"<p>Um dos maiores polos de moda do estado do Rio de Janeiro, a Rua Teresa,<\/p>\n","protected":false},"author":2,"featured_media":8627,"comment_status":"open","ping_status":"open","sticky":false,"template":"","format":"standard","meta":{"footnotes":""},"categories":[12],"tags":[],"class_list":["post-8624","post","type-post","status-publish","format-standard","has-post-thumbnail","hentry","category-cidade"],"_links":{"self":[{"href":"https:\/\/tvc16.com\/portal\/wp-json\/wp\/v2\/posts\/8624","targetHints":{"allow":["GET"]}}],"collection":[{"href":"https:\/\/tvc16.com\/portal\/wp-json\/wp\/v2\/posts"}],"about":[{"href":"https:\/\/tvc16.com\/portal\/wp-json\/wp\/v2\/types\/post"}],"author":[{"embeddable":true,"href":"https:\/\/tvc16.com\/portal\/wp-json\/wp\/v2\/users\/2"}],"replies":[{"embeddable":true,"href":"https:\/\/tvc16.com\/portal\/wp-json\/wp\/v2\/comments?post=8624"}],"version-history":[{"count":1,"href":"https:\/\/tvc16.com\/portal\/wp-json\/wp\/v2\/posts\/8624\/revisions"}],"predecessor-version":[{"id":8628,"href":"https:\/\/tvc16.com\/portal\/wp-json\/wp\/v2\/posts\/8624\/revisions\/8628"}],"wp:featuredmedia":[{"embeddable":true,"href":"https:\/\/tvc16.com\/portal\/wp-json\/wp\/v2\/media\/8627"}],"wp:attachment":[{"href":"https:\/\/tvc16.com\/portal\/wp-json\/wp\/v2\/media?parent=8624"}],"wp:term":[{"taxonomy":"category","embeddable":true,"href":"https:\/\/tvc16.com\/portal\/wp-json\/wp\/v2\/categories?post=8624"},{"taxonomy":"post_tag","embeddable":true,"href":"https:\/\/tvc16.com\/portal\/wp-json\/wp\/v2\/tags?post=8624"}],"curies":[{"name":"wp","href":"https:\/\/api.w.org\/{rel}","templated":true}]}}