{"id":8629,"date":"2020-12-21T21:49:49","date_gmt":"2020-12-22T00:49:49","guid":{"rendered":"https:\/\/tvc16.com\/portal\/?p=8629"},"modified":"2020-12-21T21:49:52","modified_gmt":"2020-12-22T00:49:52","slug":"defesa-civil-de-petropolis-alerta-para-o-fenomeno-la-nina-no-verao-2020-2021-trara-temporais","status":"publish","type":"post","link":"https:\/\/tvc16.com\/portal\/2020\/12\/21\/defesa-civil-de-petropolis-alerta-para-o-fenomeno-la-nina-no-verao-2020-2021-trara-temporais\/","title":{"rendered":"Defesa Civil de Petr\u00f3polis alerta para o fen\u00f4meno \u201cLa Ni\u00f1a\u201d no Ver\u00e3o 2020 \/ 2021, trar\u00e1 temporais"},"content":{"rendered":"\n<p><em>Uma das caracter\u00edsticas do \u201cLa Ni\u00f1a\u201d s\u00e3o as chuvas fortes<br><br>Come\u00e7ou nesta segunda-feira (21<\/em>) o ver\u00e3o, a temporada de 2020\/2021, ser\u00e1 a mais chuvosa dos \u00faltimos 10 anos por influ\u00eancia do fen\u00f4meno \u201cL\u00e3 Ni\u00f1a\u201d e a Defesa Civil alerta para como a popula\u00e7\u00e3o deve proceder nesse per\u00edodo.<br><br>H\u00e1 dez anos Petr\u00f3polis vivia um dos per\u00edodos mais tristes de sua hist\u00f3ria, a trag\u00e9dia do Vale do Cuiab\u00e1, ocasionada por chuvas fortes que tirou dezenas de vidas petropolitanas. O per\u00edodo coincide com a \u00faltima vez que o fen\u00f4meno \u201cLa Ni\u00f1a\u201d foi considerado de moderado a forte. Para o atual ver\u00e3o, a previs\u00e3o \u00e9 que com o resfriamento dos oceanos a intensidade do \u201cLa Ni\u00f1a\u201d se repita. Os dados foram divulgados pela Organiza\u00e7\u00e3o Meteorol\u00f3gica Mundial (OMM).<br><br>Com o objetivo de evitar trag\u00e9dias causadas por chuvas fortes, a Secretaria de Defesa Civil e A\u00e7\u00f5es Volunt\u00e1rias do munic\u00edpio lan\u00e7ou o\u00a0Plano Ver\u00e3o de Petr\u00f3polis 2021, que consiste em diversas a\u00e7\u00f5es tanto de preven\u00e7\u00e3o quanto de aux\u00edlio a poss\u00edveis v\u00edtimas de chuvas fortes, como por exemplo inspe\u00e7\u00f5es regulares nos 15 pontos de apoio e 12 sirenes de alerta, garantindo o funcionamento das instala\u00e7\u00f5es para receber com seguran\u00e7a e estrutura os desalojados. Al\u00e9m disso, s\u00e3o feitas visitas por t\u00e9cnicos em comunidades para conscientizar a popula\u00e7\u00e3o a procurar ajuda ao se encontrarem em situa\u00e7\u00e3o de risco. Antes do fechamento das escolas por conta da pandemia, outro importante programa de preven\u00e7\u00e3o foi o Defesa Civil nas Escolas, levando para dentro das salas de aula orienta\u00e7\u00f5es importantes de como proceder em casos extremos. O programa conta com palestras, din\u00e2micas e jogos. A iniciativa recebeu reconhecimento internacional da Organiza\u00e7\u00e3o das Na\u00e7\u00f5es Unidas (ONU).<br>Para o secret\u00e1rio de defesa civil Coronel Paulo Renato Vaz, a preven\u00e7\u00e3o \u00e9 o melhor caminho para se proteger. \u201cTemos a previs\u00e3o de um ver\u00e3o com muitas chuvas fortes devido ao \u2018La Ni\u00f1a\u2019, acreditamos que a melhor forma de se manter seguro \u00e9 se antecipar, com conscientiza\u00e7\u00e3o da popula\u00e7\u00e3o\u201d, disse.<\/p>\n\n\n\n<p>O\u00a0La Ni\u00f1a\u00a0\u00e9 um evento clim\u00e1tico natural que ocorre no Oceano Pac\u00edfico, resfriando as suas \u00e1guas e alterando a distribui\u00e7\u00e3o de calor e umidade em v\u00e1rias partes do globo. O fen\u00f4meno\u00a0La Ni\u00f1a\u00a0ocorre nos intervalos entre o\u00a0El\u00a0Ni\u00f1o e a situa\u00e7\u00e3o de normalidade das temperaturas do Oceano Pac\u00edfico.\u00a0\u00a0<br><br>A Defesa Civil reitera que as pessoas que residem em \u00e1reas de riscos fiquem atentas ao acionamento das sirenes e alertas. Em caso de qualquer ocorr\u00eancia deve-se ligar para o n\u00famero 199 e procurar o ponto de apoio mais pr\u00f3ximo<\/p>\n","protected":false},"excerpt":{"rendered":"<p>Uma das caracter\u00edsticas do \u201cLa Ni\u00f1a\u201d s\u00e3o as chuvas fortes Come\u00e7ou nesta segunda-feira (21) o<\/p>\n","protected":false},"author":2,"featured_media":8630,"comment_status":"open","ping_status":"open","sticky":false,"template":"","format":"standard","meta":{"footnotes":""},"categories":[12],"tags":[],"class_list":["post-8629","post","type-post","status-publish","format-standard","has-post-thumbnail","hentry","category-cidade"],"_links":{"self":[{"href":"https:\/\/tvc16.com\/portal\/wp-json\/wp\/v2\/posts\/8629","targetHints":{"allow":["GET"]}}],"collection":[{"href":"https:\/\/tvc16.com\/portal\/wp-json\/wp\/v2\/posts"}],"about":[{"href":"https:\/\/tvc16.com\/portal\/wp-json\/wp\/v2\/types\/post"}],"author":[{"embeddable":true,"href":"https:\/\/tvc16.com\/portal\/wp-json\/wp\/v2\/users\/2"}],"replies":[{"embeddable":true,"href":"https:\/\/tvc16.com\/portal\/wp-json\/wp\/v2\/comments?post=8629"}],"version-history":[{"count":1,"href":"https:\/\/tvc16.com\/portal\/wp-json\/wp\/v2\/posts\/8629\/revisions"}],"predecessor-version":[{"id":8632,"href":"https:\/\/tvc16.com\/portal\/wp-json\/wp\/v2\/posts\/8629\/revisions\/8632"}],"wp:featuredmedia":[{"embeddable":true,"href":"https:\/\/tvc16.com\/portal\/wp-json\/wp\/v2\/media\/8630"}],"wp:attachment":[{"href":"https:\/\/tvc16.com\/portal\/wp-json\/wp\/v2\/media?parent=8629"}],"wp:term":[{"taxonomy":"category","embeddable":true,"href":"https:\/\/tvc16.com\/portal\/wp-json\/wp\/v2\/categories?post=8629"},{"taxonomy":"post_tag","embeddable":true,"href":"https:\/\/tvc16.com\/portal\/wp-json\/wp\/v2\/tags?post=8629"}],"curies":[{"name":"wp","href":"https:\/\/api.w.org\/{rel}","templated":true}]}}