{"id":8633,"date":"2020-12-21T21:57:28","date_gmt":"2020-12-22T00:57:28","guid":{"rendered":"https:\/\/tvc16.com\/portal\/?p=8633"},"modified":"2020-12-21T21:57:30","modified_gmt":"2020-12-22T00:57:30","slug":"nesta-terca-feira-22-tem-feira-livre-com-horario-especial-de-natal-na-rua-souza-franco","status":"publish","type":"post","link":"https:\/\/tvc16.com\/portal\/2020\/12\/21\/nesta-terca-feira-22-tem-feira-livre-com-horario-especial-de-natal-na-rua-souza-franco\/","title":{"rendered":"Nesta ter\u00e7a-feira (22) tem feira livre com hor\u00e1rio especial de Natal na Rua Souza Franco"},"content":{"rendered":"\n<p>Nesse per\u00edodo de Natal e Ano Novo, a tradicional feira livre, da Rua Souza Franco, vai funcionar em hor\u00e1rio especial. Vale ressaltar que ainda estamos em uma pandemia, e por isso, todos os cuidados necess\u00e1rios est\u00e3o sendo adotados no local, como a disponibiliza\u00e7\u00e3o de \u00e1lcool em gel para os clientes nos pontos de venda. \u00c9 de extrema import\u00e2ncia que as pessoas evitem as aglomera\u00e7\u00f5es nas barracas e fa\u00e7am o uso de m\u00e1scara.<\/p>\n\n\n\n<p>Natal:<\/p>\n\n\n\n<p>Dia 22 (ter\u00e7a-feira) funcionamento das 6h \u00e0s 15h<br>Dia 24 (quinta-feira), das 6h \u00e0s 17h.<\/p>\n\n\n\n<p>Ano Novo:<\/p>\n\n\n\n<p>Dia 29 (ter\u00e7a-feira) funcionamento das 6h \u00e0s 15h<br>Dia 31 (quinta-feira), funcionamento das 6h \u00e0s 17h<\/p>\n\n\n\n<h1 class=\"wp-block-heading\"><\/h1>\n","protected":false},"excerpt":{"rendered":"<p>Nesse per\u00edodo de Natal e Ano Novo, a tradicional feira livre, da Rua Souza Franco,<\/p>\n","protected":false},"author":2,"featured_media":8634,"comment_status":"open","ping_status":"open","sticky":false,"template":"","format":"standard","meta":{"footnotes":""},"categories":[12],"tags":[],"class_list":["post-8633","post","type-post","status-publish","format-standard","has-post-thumbnail","hentry","category-cidade"],"_links":{"self":[{"href":"https:\/\/tvc16.com\/portal\/wp-json\/wp\/v2\/posts\/8633","targetHints":{"allow":["GET"]}}],"collection":[{"href":"https:\/\/tvc16.com\/portal\/wp-json\/wp\/v2\/posts"}],"about":[{"href":"https:\/\/tvc16.com\/portal\/wp-json\/wp\/v2\/types\/post"}],"author":[{"embeddable":true,"href":"https:\/\/tvc16.com\/portal\/wp-json\/wp\/v2\/users\/2"}],"replies":[{"embeddable":true,"href":"https:\/\/tvc16.com\/portal\/wp-json\/wp\/v2\/comments?post=8633"}],"version-history":[{"count":1,"href":"https:\/\/tvc16.com\/portal\/wp-json\/wp\/v2\/posts\/8633\/revisions"}],"predecessor-version":[{"id":8635,"href":"https:\/\/tvc16.com\/portal\/wp-json\/wp\/v2\/posts\/8633\/revisions\/8635"}],"wp:featuredmedia":[{"embeddable":true,"href":"https:\/\/tvc16.com\/portal\/wp-json\/wp\/v2\/media\/8634"}],"wp:attachment":[{"href":"https:\/\/tvc16.com\/portal\/wp-json\/wp\/v2\/media?parent=8633"}],"wp:term":[{"taxonomy":"category","embeddable":true,"href":"https:\/\/tvc16.com\/portal\/wp-json\/wp\/v2\/categories?post=8633"},{"taxonomy":"post_tag","embeddable":true,"href":"https:\/\/tvc16.com\/portal\/wp-json\/wp\/v2\/tags?post=8633"}],"curies":[{"name":"wp","href":"https:\/\/api.w.org\/{rel}","templated":true}]}}