{"id":8636,"date":"2020-12-22T12:31:02","date_gmt":"2020-12-22T15:31:02","guid":{"rendered":"https:\/\/tvc16.com\/portal\/?p=8636"},"modified":"2020-12-22T12:31:05","modified_gmt":"2020-12-22T15:31:05","slug":"prefeito-bernardo-rossi-se-posiciona-sobre-a-decisao-do-tse-e-da-inicio-a-transicao-de-governo","status":"publish","type":"post","link":"https:\/\/tvc16.com\/portal\/2020\/12\/22\/prefeito-bernardo-rossi-se-posiciona-sobre-a-decisao-do-tse-e-da-inicio-a-transicao-de-governo\/","title":{"rendered":"Prefeito Bernardo Rossi se posiciona sobre a decis\u00e3o do TSE e d\u00e1 in\u00edcio \u00e0 transi\u00e7\u00e3o de governo"},"content":{"rendered":"\n<p><br><em>Relat\u00f3rios com dados da gest\u00e3o s\u00e3o atualizados desde janeiro e devem ser repassados \u00e0 equipe mista, j\u00e1 que grupo eleito n\u00e3o est\u00e1 apto a assumir a administra\u00e7\u00e3o<\/em><\/p>\n\n\n\n<p>O prefeito Bernardo Rossi enviou of\u00edcio ao juiz da 29\u00aa Zona Eleitoral, Marcelo Machado da Costa, e ao juiz interino da 4\u00aa Vara C\u00edvel, Alexandre Teixeira, comunicando o in\u00edcio do processo de transi\u00e7\u00e3o de governo. O documento foi necess\u00e1rio j\u00e1 que, na \u00faltima semana, o Tribunal Superior Eleitoral emitiu decis\u00e3o reafirmando que o candidato que obteve mais votos v\u00e1lidos nas elei\u00e7\u00f5es municipais teve os direitos pol\u00edticos suspensos em 2019 e n\u00e3o preenchia os requisitos de elegibilidade para sequer concorrer ao pleito.<br>&#8220;Nossa cidade ficar\u00e1 sem o comando de um prefeito eleito para esse cargo. O que mais me preocupa \u00e9 o combate \u00e0 pandemia e a manuten\u00e7\u00e3o das medidas de assist\u00eancia \u00e0 popula\u00e7\u00e3o. A cidade vai sofrer pela irresponsabilidade de um grupo que tinha ci\u00eancia de que n\u00e3o poderia sequer ter concorrido \u00e0s elei\u00e7\u00f5es. Ainda n\u00e3o conseguimos prever qual vai ser o peso de tamanha inconsequ\u00eancia. Eu sigo trabalhando at\u00e9 o dia 31 de dezembro com respeito e transpar\u00eancia pelos petropolitanos&#8221;, destacou o prefeito Bernardo Rossi.<br>O rito democr\u00e1tico da transi\u00e7\u00e3o de governo segue as regras previstas na Instru\u00e7\u00e3o Normativa 006\/2020 da Controladoria Geral do Munic\u00edpio. As equipes da atual gest\u00e3o iniciaram em janeiro os relat\u00f3rios, dentro das regras de transi\u00e7\u00e3o e quest\u00f5es fiscais, que foram atualizados e aperfei\u00e7oados durante todo o ano para a transi\u00e7\u00e3o de governo. Devido ao contexto pol\u00edtico da cidade, em que o grupo eleito n\u00e3o est\u00e1 apto a assumir o Executivo, o pr\u00f3ximo passo deve ser a convoca\u00e7\u00e3o de uma equipe mista de servidores da Prefeitura e do Legislativo para efetivar o processo.<br>No dia 1 de janeiro de 2021, o presidente eleito na C\u00e2mara Municipal de Vereadores dever\u00e1 assumir a Prefeitura interinamente at\u00e9 que novas elei\u00e7\u00f5es sejam convocadas, ou seja, o Legislativo ir\u00e1 assumir a gest\u00e3o da cidade at\u00e9 que todo o processo eleitoral seja organizado para acontecer novamente. O vereador eleito como presidente da Casa ter\u00e1 que montar uma equipe de governo at\u00e9 que novas elei\u00e7\u00f5es sejam realizadas e um novo Prefeito eleito.<br>Esta comunica\u00e7\u00e3o entre a atual gest\u00e3o e a pr\u00f3xima \u00e9 de extrema import\u00e2ncia para a continuidade das a\u00e7\u00f5es dentro do munic\u00edpio, principalmente nas medidas de combate \u00e0 Covid-19 e de assist\u00eancia \u00e0 popula\u00e7\u00e3o, al\u00e9m da prontid\u00e3o \u00e0 resposta de eventuais ocorr\u00eancias devido \u00e0s chuvas de ver\u00e3o e da transpar\u00eancia em repassar todas as atividades realizadas do governo.<\/p>\n\n\n\n<p>Foto: Arquivo da Prefeitura de Petr\u00f3polis<\/p>\n","protected":false},"excerpt":{"rendered":"<p>Relat\u00f3rios com dados da gest\u00e3o s\u00e3o atualizados desde janeiro e devem ser repassados \u00e0 equipe<\/p>\n","protected":false},"author":2,"featured_media":8637,"comment_status":"open","ping_status":"open","sticky":false,"template":"","format":"standard","meta":{"footnotes":""},"categories":[12],"tags":[],"class_list":["post-8636","post","type-post","status-publish","format-standard","has-post-thumbnail","hentry","category-cidade"],"_links":{"self":[{"href":"https:\/\/tvc16.com\/portal\/wp-json\/wp\/v2\/posts\/8636","targetHints":{"allow":["GET"]}}],"collection":[{"href":"https:\/\/tvc16.com\/portal\/wp-json\/wp\/v2\/posts"}],"about":[{"href":"https:\/\/tvc16.com\/portal\/wp-json\/wp\/v2\/types\/post"}],"author":[{"embeddable":true,"href":"https:\/\/tvc16.com\/portal\/wp-json\/wp\/v2\/users\/2"}],"replies":[{"embeddable":true,"href":"https:\/\/tvc16.com\/portal\/wp-json\/wp\/v2\/comments?post=8636"}],"version-history":[{"count":1,"href":"https:\/\/tvc16.com\/portal\/wp-json\/wp\/v2\/posts\/8636\/revisions"}],"predecessor-version":[{"id":8638,"href":"https:\/\/tvc16.com\/portal\/wp-json\/wp\/v2\/posts\/8636\/revisions\/8638"}],"wp:featuredmedia":[{"embeddable":true,"href":"https:\/\/tvc16.com\/portal\/wp-json\/wp\/v2\/media\/8637"}],"wp:attachment":[{"href":"https:\/\/tvc16.com\/portal\/wp-json\/wp\/v2\/media?parent=8636"}],"wp:term":[{"taxonomy":"category","embeddable":true,"href":"https:\/\/tvc16.com\/portal\/wp-json\/wp\/v2\/categories?post=8636"},{"taxonomy":"post_tag","embeddable":true,"href":"https:\/\/tvc16.com\/portal\/wp-json\/wp\/v2\/tags?post=8636"}],"curies":[{"name":"wp","href":"https:\/\/api.w.org\/{rel}","templated":true}]}}