{"id":8642,"date":"2020-12-22T13:00:13","date_gmt":"2020-12-22T16:00:13","guid":{"rendered":"https:\/\/tvc16.com\/portal\/?p=8642"},"modified":"2020-12-22T13:00:16","modified_gmt":"2020-12-22T16:00:16","slug":"bolsonaro-sanciona-lei-que-modifica-definicao-de-crime-de-denunciacao-caluniosa","status":"publish","type":"post","link":"https:\/\/tvc16.com\/portal\/2020\/12\/22\/bolsonaro-sanciona-lei-que-modifica-definicao-de-crime-de-denunciacao-caluniosa\/","title":{"rendered":"Bolsonaro sanciona lei que modifica defini\u00e7\u00e3o de crime de denuncia\u00e7\u00e3o caluniosa"},"content":{"rendered":"\n<p>Texto alterado traz mais clareza sobre a penalidade<\/p>\n\n\n\n<p>O presidente Jair Bolsonaro sancionou uma lei que altera no C\u00f3digo Penal a descri\u00e7\u00e3o do crime de denuncia\u00e7\u00e3o caluniosa, cometido por pessoas que fazem den\u00fancias falsas contra quem \u00e9 inocente. O texto da san\u00e7\u00e3o foi publicado no Di\u00e1rio Oficial da Uni\u00e3o desta segunda-feira (21).&nbsp;<\/p>\n\n\n\n<p>A denuncia\u00e7\u00e3o caluniosa \u00e9 considerada um crime contra a administra\u00e7\u00e3o da Justi\u00e7a. A lei sancionada retira do C\u00f3digo Penal o trecho que trata a infra\u00e7\u00e3o como a realiza\u00e7\u00e3o de den\u00fancias que levem \u00e0 investiga\u00e7\u00e3o administrativa, express\u00e3o considerada gen\u00e9rica e subjetiva.&nbsp;<\/p>\n\n\n\n<p><strong><a href=\"https:\/\/brasil61.com\/noticias\/justica-condena-ex-prefeito-do-amazonas-por-improbidade-administrativa-bras202283\" target=\"_blank\" rel=\"noreferrer noopener\">Justi\u00e7a condena ex-prefeito do Amazonas por improbidade administrativa<\/a><\/strong><\/p>\n\n\n\n<p>O crime agora ser\u00e1 configurado quando den\u00fancias falsas levarem a instaura\u00e7\u00f5es de processos, a\u00e7\u00f5es ou investiga\u00e7\u00f5es contra pessoas denunciadas injustamente. A pena prevista do crime \u00e9 de reclus\u00e3o de dois a oito anos, al\u00e9m de multa.<\/p>\n\n\n\n<p>Fonte: <a href=\"https:\/\/brasil61.com\/noticias\/bolsonaro-sanciona-lei-que-modifica-definicao-de-crime-de-denunciacao-caluniosa-bras203109?email=bethdeoliveira@yahoo.com.br&amp;utm_source=newsletter&amp;utm_medium=newsletter&amp;utm_campaign=newsletter\" target=\"_blank\" rel=\"noreferrer noopener\">Brasil 61<\/a><\/p>\n","protected":false},"excerpt":{"rendered":"<p>Texto alterado traz mais clareza sobre a penalidade O presidente Jair Bolsonaro sancionou uma lei<\/p>\n","protected":false},"author":2,"featured_media":8643,"comment_status":"open","ping_status":"open","sticky":false,"template":"","format":"standard","meta":{"footnotes":""},"categories":[17],"tags":[],"class_list":["post-8642","post","type-post","status-publish","format-standard","has-post-thumbnail","hentry","category-outras-noticias"],"_links":{"self":[{"href":"https:\/\/tvc16.com\/portal\/wp-json\/wp\/v2\/posts\/8642","targetHints":{"allow":["GET"]}}],"collection":[{"href":"https:\/\/tvc16.com\/portal\/wp-json\/wp\/v2\/posts"}],"about":[{"href":"https:\/\/tvc16.com\/portal\/wp-json\/wp\/v2\/types\/post"}],"author":[{"embeddable":true,"href":"https:\/\/tvc16.com\/portal\/wp-json\/wp\/v2\/users\/2"}],"replies":[{"embeddable":true,"href":"https:\/\/tvc16.com\/portal\/wp-json\/wp\/v2\/comments?post=8642"}],"version-history":[{"count":1,"href":"https:\/\/tvc16.com\/portal\/wp-json\/wp\/v2\/posts\/8642\/revisions"}],"predecessor-version":[{"id":8644,"href":"https:\/\/tvc16.com\/portal\/wp-json\/wp\/v2\/posts\/8642\/revisions\/8644"}],"wp:featuredmedia":[{"embeddable":true,"href":"https:\/\/tvc16.com\/portal\/wp-json\/wp\/v2\/media\/8643"}],"wp:attachment":[{"href":"https:\/\/tvc16.com\/portal\/wp-json\/wp\/v2\/media?parent=8642"}],"wp:term":[{"taxonomy":"category","embeddable":true,"href":"https:\/\/tvc16.com\/portal\/wp-json\/wp\/v2\/categories?post=8642"},{"taxonomy":"post_tag","embeddable":true,"href":"https:\/\/tvc16.com\/portal\/wp-json\/wp\/v2\/tags?post=8642"}],"curies":[{"name":"wp","href":"https:\/\/api.w.org\/{rel}","templated":true}]}}