{"id":8648,"date":"2020-12-22T18:45:27","date_gmt":"2020-12-22T21:45:27","guid":{"rendered":"https:\/\/tvc16.com\/portal\/?p=8648"},"modified":"2020-12-22T18:45:29","modified_gmt":"2020-12-22T21:45:29","slug":"programa-de-regularizacao-tributaria-e-prorrogado-ate-2021-municipio-espera-aumentar-arrecadacao-com-a-iniciativa","status":"publish","type":"post","link":"https:\/\/tvc16.com\/portal\/2020\/12\/22\/programa-de-regularizacao-tributaria-e-prorrogado-ate-2021-municipio-espera-aumentar-arrecadacao-com-a-iniciativa\/","title":{"rendered":"Programa de regulariza\u00e7\u00e3o tribut\u00e1ria \u00e9 prorrogado at\u00e9 2021. Munic\u00edpio espera aumentar arrecada\u00e7\u00e3o com a iniciativa"},"content":{"rendered":"\n<p>O Programa de Regulariza\u00e7\u00e3o Tribut\u00e1ria da Prefeitura de Petr\u00f3polis foi prorrogado para 2021, estendendo assim o prazo para pessoas f\u00edsicas e jur\u00eddicas quitarem suas pend\u00eancias de IPTU, ISS e taxas com possibilidades de redu\u00e7\u00e3o de at\u00e9 100% dos juros. A iniciativa foi institu\u00edda por lei e permite parcelamento em at\u00e9 12 vezes com descontos vari\u00e1veis dependendo do n\u00famero de parcelas. Al\u00e9m disso, faz parte do Plano de Recupera\u00e7\u00e3o Econ\u00f4mica do munic\u00edpio.<br><br>Para o Prefeito Bernardo Rossi, a extens\u00e3o do Programa de Regulariza\u00e7\u00e3o tribut\u00e1ria \u00e9 importante por contribuir para a arrecada\u00e7\u00e3o do munic\u00edpio e ajudar a manter as contas em dia. \u201cNo nosso governo o servidor sempre teve seu pagamento em dia, n\u00f3s descongelamos benef\u00edcios paralisados h\u00e1 anos para os nossos servidores, pagamos o 13\u00ba, cumprindo com nossa obriga\u00e7\u00e3o mesmo em um per\u00edodo em que o pa\u00eds passa por dificuldades. Os programas de regulariza\u00e7\u00e3o tribut\u00e1ria contribu\u00edram muito para esse resultado\u201d, disse.<\/p>\n\n\n\n<p>A Prefeitura de Petr\u00f3polis por interm\u00e9dio da Procuradoria Geral do munic\u00edpio prorrogou o Programa de Regulariza\u00e7\u00e3o Tribut\u00e1ria para 2021, o prazo vigente era at\u00e9 dia 20 deste m\u00eas e foi estendido at\u00e9 23 de junho do pr\u00f3ximo ano. A prorroga\u00e7\u00e3o do Programa de Regulariza\u00e7\u00e3o Tribut\u00e1ria de Parcelamento Administrativo dos D\u00e9bitos Inscritos em D\u00edvida Ativa, institu\u00eddo pela Lei Municipal n\u00ba 7.828\/2019, faz parte do Plano de Recupera\u00e7\u00e3o Socioecon\u00f4mica do Munic\u00edpio de Petr\u00f3polis, viabilizando a quita\u00e7\u00e3o de d\u00e9bitos sem encargos ou de forma parcelada.<\/p>\n\n\n\n<p>Os descontos de multa e juros s\u00e3o de 100% para a quita\u00e7\u00e3o \u00e0 vista, redu\u00e7\u00e3o de 80% para at\u00e9 04 parcelas, redu\u00e7\u00e3o de 70% para at\u00e9 06 parcelas, redu\u00e7\u00e3o de 60% para at\u00e9 08 parcelas, redu\u00e7\u00e3o de 50% para at\u00e9 12 parcelas.<br><br>Vale destacar que a prorroga\u00e7\u00e3o tamb\u00e9m \u00e9 importante pois garante a Prefeitura ter uma a\u00e7\u00e3o de arrecada\u00e7\u00e3o durante o per\u00edodo eleitoral, no qual \u00e9 proibida a cria\u00e7\u00e3o de novos programas, lembrando que assim como 2020, o ano que vem tamb\u00e9m ter\u00e1 Elei\u00e7\u00f5es devido ao fato de o prefeito mais votado n\u00e3o poder assumir por causa de um impedimento judicial.<br><br>As negocia\u00e7\u00f5es podem ser feitas no setor de d\u00edvida ativa, que funciona em um pr\u00e9dio anexo \u00e0 prefeitura, na&nbsp;Av. Koeler, 260. As equipes est\u00e3o dispon\u00edveis para atendimento de 9h&nbsp;\u00e0s 17h.<\/p>\n","protected":false},"excerpt":{"rendered":"<p>O Programa de Regulariza\u00e7\u00e3o Tribut\u00e1ria da Prefeitura de Petr\u00f3polis foi prorrogado para 2021, estendendo assim<\/p>\n","protected":false},"author":2,"featured_media":8649,"comment_status":"open","ping_status":"open","sticky":false,"template":"","format":"standard","meta":{"footnotes":""},"categories":[12],"tags":[],"class_list":["post-8648","post","type-post","status-publish","format-standard","has-post-thumbnail","hentry","category-cidade"],"_links":{"self":[{"href":"https:\/\/tvc16.com\/portal\/wp-json\/wp\/v2\/posts\/8648","targetHints":{"allow":["GET"]}}],"collection":[{"href":"https:\/\/tvc16.com\/portal\/wp-json\/wp\/v2\/posts"}],"about":[{"href":"https:\/\/tvc16.com\/portal\/wp-json\/wp\/v2\/types\/post"}],"author":[{"embeddable":true,"href":"https:\/\/tvc16.com\/portal\/wp-json\/wp\/v2\/users\/2"}],"replies":[{"embeddable":true,"href":"https:\/\/tvc16.com\/portal\/wp-json\/wp\/v2\/comments?post=8648"}],"version-history":[{"count":1,"href":"https:\/\/tvc16.com\/portal\/wp-json\/wp\/v2\/posts\/8648\/revisions"}],"predecessor-version":[{"id":8650,"href":"https:\/\/tvc16.com\/portal\/wp-json\/wp\/v2\/posts\/8648\/revisions\/8650"}],"wp:featuredmedia":[{"embeddable":true,"href":"https:\/\/tvc16.com\/portal\/wp-json\/wp\/v2\/media\/8649"}],"wp:attachment":[{"href":"https:\/\/tvc16.com\/portal\/wp-json\/wp\/v2\/media?parent=8648"}],"wp:term":[{"taxonomy":"category","embeddable":true,"href":"https:\/\/tvc16.com\/portal\/wp-json\/wp\/v2\/categories?post=8648"},{"taxonomy":"post_tag","embeddable":true,"href":"https:\/\/tvc16.com\/portal\/wp-json\/wp\/v2\/tags?post=8648"}],"curies":[{"name":"wp","href":"https:\/\/api.w.org\/{rel}","templated":true}]}}