{"id":865,"date":"2020-09-21T21:26:49","date_gmt":"2020-09-21T21:26:49","guid":{"rendered":"https:\/\/tvc16.com\/portal\/?p=865"},"modified":"2020-09-21T21:34:08","modified_gmt":"2020-09-21T21:34:08","slug":"secretaria-estadual-de-cultura-do-rio-de-janeiro-comeca-cadastramento-de-renda-emergencial-aos-profissionais-da-cultura","status":"publish","type":"post","link":"https:\/\/tvc16.com\/portal\/2020\/09\/21\/secretaria-estadual-de-cultura-do-rio-de-janeiro-comeca-cadastramento-de-renda-emergencial-aos-profissionais-da-cultura\/","title":{"rendered":"Prefeitura de Petr\u00f3polis abrir\u00e1 editais para selecionar Centros e Projetos Culturais que receber\u00e3o o aux\u00edlio previsto pela Lei Federal Aldir Blanc"},"content":{"rendered":"\n<p>Secretaria Estadual de Cultura do Rio de Janeiro come\u00e7ou nesta segunda-feira (21) cadastramento da renda emergencial de R$ 600<\/p>\n\n\n\n<p>O munic\u00edpio de Petr\u00f3polis ficou respons\u00e1vel pela distribui\u00e7\u00e3o de recursos para os espa\u00e7os de cultura, e tamb\u00e9m pelo edital que vai selecionar os projetos culturais. Para atender a estas duas frentes a cidade receber\u00e1 R$ 1.936.795,75, da Lei Federal Aldir Blanc. Isso significa que ser\u00e3o beneficiadas academias de dan\u00e7a, bibliotecas e centros culturais em geral, assim como projetos do segmento.<\/p>\n\n\n\n<p>\u201cAqui na cidade vamos publicar um decreto municipal, que vai conter as regras para os artistas e produtores pleitearem os recursos para os espa\u00e7os de cultura. E logo em seguida o munic\u00edpio tamb\u00e9m vai lan\u00e7ar outro edital para a inscri\u00e7\u00e3o de projetos culturais. O munic\u00edpio fez o cadastramento na Mais Brasil, que \u00e9 uma plataforma do Governo&nbsp;Federal, e teve o plano de trabalho aprovado\u201d, informou a prefeitura.<\/p>\n\n\n\n<p>Apesar disso, Petr\u00f3polis n\u00e3o foi inclu\u00edda na primeira leva de pagamento. Portanto o munic\u00edpio aguarda ser inclu\u00eddo na pr\u00f3xima portaria.&nbsp;A cidade est\u00e1 agora na fase de elabora\u00e7\u00e3o do decreto para regulamentar a lei. E aguarda a libera\u00e7\u00e3o do recurso pelo Governo Federal.<\/p>\n\n\n\n<p><strong>Secretaria Estadual de Cultura do Rio de Janeiro come\u00e7ou  nesta segunda-feira (21) cadastramento de renda emergencial aos profissionais da cultura<\/strong><\/p>\n\n\n\n<p>A Secretaria Estadual de Cultura do Rio de iniciou nesta segunda-feira (21) o cadastramento de profissionais da \u00e1rea para o recebimento da renda emergencial prevista pela Lei Federal Aldir Blanc.\u00a0 O valor, de R$ 600, ser\u00e1 concedido a produtores, t\u00e9cnicos, artes\u00e3os e outros trabalhadores da \u00e1rea por tr\u00eas meses consecutivos. Inicialmente o pagamento seria feito pelos munic\u00edpios, mas o decreto federal 10464\/2020 passou a compet\u00eancia desta distribui\u00e7\u00e3o para o estado.<\/p>\n\n\n\n<p>As inscri\u00e7\u00f5es podem ser feitas at\u00e9 o dia 19 de outubro pelo site da secretaria estadual. Poder\u00e3o receber o benef\u00edcio pessoas que tenham trabalhado no setor cultural nos \u00faltimos dois anos, desde que n\u00e3o tenham emprego formal ativo. Al\u00e9m disso, \u00e9 preciso ter renda familiar mensal per capita de at\u00e9 meio sal\u00e1rio m\u00ednimo (R$ 522,50) ou renda familiar mensal total de at\u00e9 tr\u00eas sal\u00e1rios m\u00ednimos (R$ 3.135). At\u00e9 duas pessoas da mesma fam\u00edlia podem receber o aux\u00edlio. M\u00e3es solteiras ter\u00e3o R$ 1.200.<\/p>\n\n\n\n<p>Quem j\u00e1 possui benef\u00edcio previdenci\u00e1rio ou assistencial (com exce\u00e7\u00e3o do Bolsa Fam\u00edlia), seguro-desemprego ou esteja cadastrado no aux\u00edlio emergencial geral n\u00e3o pode se inscrever para receber o aux\u00edlio da Lei Aldir Blanc. O Fundo Estadual da Cultura recebeu do governo federal, na \u00faltima sexta-feira (18), R$ 104 milh\u00f5es destinados ao Rio de Janeiro.<\/p>\n\n\n\n<p>Por Thaciana Ferrante<\/p>\n\n\n\n<p>Foto: Ag\u00eancia Brasil<\/p>\n","protected":false},"excerpt":{"rendered":"<p>Secretaria Estadual de Cultura do Rio de Janeiro come\u00e7ou nesta segunda-feira (21) cadastramento da renda<\/p>\n","protected":false},"author":2,"featured_media":869,"comment_status":"open","ping_status":"open","sticky":false,"template":"","format":"standard","meta":{"footnotes":""},"categories":[12],"tags":[],"class_list":["post-865","post","type-post","status-publish","format-standard","has-post-thumbnail","hentry","category-cidade"],"_links":{"self":[{"href":"https:\/\/tvc16.com\/portal\/wp-json\/wp\/v2\/posts\/865","targetHints":{"allow":["GET"]}}],"collection":[{"href":"https:\/\/tvc16.com\/portal\/wp-json\/wp\/v2\/posts"}],"about":[{"href":"https:\/\/tvc16.com\/portal\/wp-json\/wp\/v2\/types\/post"}],"author":[{"embeddable":true,"href":"https:\/\/tvc16.com\/portal\/wp-json\/wp\/v2\/users\/2"}],"replies":[{"embeddable":true,"href":"https:\/\/tvc16.com\/portal\/wp-json\/wp\/v2\/comments?post=865"}],"version-history":[{"count":2,"href":"https:\/\/tvc16.com\/portal\/wp-json\/wp\/v2\/posts\/865\/revisions"}],"predecessor-version":[{"id":870,"href":"https:\/\/tvc16.com\/portal\/wp-json\/wp\/v2\/posts\/865\/revisions\/870"}],"wp:featuredmedia":[{"embeddable":true,"href":"https:\/\/tvc16.com\/portal\/wp-json\/wp\/v2\/media\/869"}],"wp:attachment":[{"href":"https:\/\/tvc16.com\/portal\/wp-json\/wp\/v2\/media?parent=865"}],"wp:term":[{"taxonomy":"category","embeddable":true,"href":"https:\/\/tvc16.com\/portal\/wp-json\/wp\/v2\/categories?post=865"},{"taxonomy":"post_tag","embeddable":true,"href":"https:\/\/tvc16.com\/portal\/wp-json\/wp\/v2\/tags?post=865"}],"curies":[{"name":"wp","href":"https:\/\/api.w.org\/{rel}","templated":true}]}}