{"id":8651,"date":"2020-12-22T18:50:12","date_gmt":"2020-12-22T21:50:12","guid":{"rendered":"https:\/\/tvc16.com\/portal\/?p=8651"},"modified":"2020-12-22T18:50:13","modified_gmt":"2020-12-22T21:50:13","slug":"regiao-sudeste-tem-temporais-espalhados-nesta-quarta-feira-23","status":"publish","type":"post","link":"https:\/\/tvc16.com\/portal\/2020\/12\/22\/regiao-sudeste-tem-temporais-espalhados-nesta-quarta-feira-23\/","title":{"rendered":"Regi\u00e3o Sudeste tem temporais espalhados nesta quarta-feira (23)"},"content":{"rendered":"\n<p>O tempo fica fechado, sujeito a chuva a qualquer hora do dia entre o sul paulista, o Rio de Janeiro e o Sul e zona da Mata de Minas Gerais<\/p>\n\n\n\n<p>A quarta-feira (23) ser\u00e1 marcada por temporais espalhados por boa parte da Regi\u00e3o Sudeste. O tempo fica fechado, sujeito a chuva a qualquer hora do dia entre o sul paulista, o Rio de Janeiro e o Sul e zona da Mata de Minas Gerais. Pode chover com maior volume no norte paulista, Tri\u00e2ngulo Mineiro, sul e centro de Minas Gerais e na Costa Verde fluminense. Isso acontece a partir de uma \u00e1rea de baixa press\u00e3o atmosf\u00e9rica na costa do Rio de Janeiro, acoplada a uma frente fria muito afastada no oceano.<\/p>\n\n\n\n<p>As temperaturas variam entre 15 e 33 graus. A umidade relativa do ar pode variar entre 54 e 100 por cento.&nbsp;<\/p>\n\n\n\n<p>As informa\u00e7\u00f5es s\u00e3o do Somar Meteorologia.&nbsp;<\/p>\n\n\n\n<p>Fonte: <a href=\"https:\/\/brasil61.com\/noticias\/regiao-sudeste-tem-temporais-espalhados-nesta-quarta-feira-23-ptsd202083?email=bethdeoliveira@yahoo.com.br&amp;utm_source=email_individual&amp;utm_medium=email_individual&amp;utm_campaign=email_individual\" target=\"_blank\" rel=\"noreferrer noopener\">Brasil 61<\/a><\/p>\n","protected":false},"excerpt":{"rendered":"<p>O tempo fica fechado, sujeito a chuva a qualquer hora do dia entre o sul<\/p>\n","protected":false},"author":2,"featured_media":8652,"comment_status":"open","ping_status":"open","sticky":false,"template":"","format":"standard","meta":{"footnotes":""},"categories":[17],"tags":[],"class_list":["post-8651","post","type-post","status-publish","format-standard","has-post-thumbnail","hentry","category-outras-noticias"],"_links":{"self":[{"href":"https:\/\/tvc16.com\/portal\/wp-json\/wp\/v2\/posts\/8651","targetHints":{"allow":["GET"]}}],"collection":[{"href":"https:\/\/tvc16.com\/portal\/wp-json\/wp\/v2\/posts"}],"about":[{"href":"https:\/\/tvc16.com\/portal\/wp-json\/wp\/v2\/types\/post"}],"author":[{"embeddable":true,"href":"https:\/\/tvc16.com\/portal\/wp-json\/wp\/v2\/users\/2"}],"replies":[{"embeddable":true,"href":"https:\/\/tvc16.com\/portal\/wp-json\/wp\/v2\/comments?post=8651"}],"version-history":[{"count":1,"href":"https:\/\/tvc16.com\/portal\/wp-json\/wp\/v2\/posts\/8651\/revisions"}],"predecessor-version":[{"id":8653,"href":"https:\/\/tvc16.com\/portal\/wp-json\/wp\/v2\/posts\/8651\/revisions\/8653"}],"wp:featuredmedia":[{"embeddable":true,"href":"https:\/\/tvc16.com\/portal\/wp-json\/wp\/v2\/media\/8652"}],"wp:attachment":[{"href":"https:\/\/tvc16.com\/portal\/wp-json\/wp\/v2\/media?parent=8651"}],"wp:term":[{"taxonomy":"category","embeddable":true,"href":"https:\/\/tvc16.com\/portal\/wp-json\/wp\/v2\/categories?post=8651"},{"taxonomy":"post_tag","embeddable":true,"href":"https:\/\/tvc16.com\/portal\/wp-json\/wp\/v2\/tags?post=8651"}],"curies":[{"name":"wp","href":"https:\/\/api.w.org\/{rel}","templated":true}]}}