{"id":8657,"date":"2020-12-22T21:11:52","date_gmt":"2020-12-23T00:11:52","guid":{"rendered":"https:\/\/tvc16.com\/portal\/?p=8657"},"modified":"2020-12-22T21:11:54","modified_gmt":"2020-12-23T00:11:54","slug":"governo-do-rio-concede-licenca-de-operacao-para-o-maior-parque-termeletrico-do-pais-usina-que-funcionara-no-porto-do-acu-vai-gerar-energia-suficiente-para-o-suprimento-de-mais-de-6-milhoes-de-resid","status":"publish","type":"post","link":"https:\/\/tvc16.com\/portal\/2020\/12\/22\/governo-do-rio-concede-licenca-de-operacao-para-o-maior-parque-termeletrico-do-pais-usina-que-funcionara-no-porto-do-acu-vai-gerar-energia-suficiente-para-o-suprimento-de-mais-de-6-milhoes-de-resid\/","title":{"rendered":"Governo do Rio concede licen\u00e7a de opera\u00e7\u00e3o para o maior parque termel\u00e9trico do pa\u00eds. Usina, que funcionar\u00e1 no Porto do A\u00e7u, vai gerar energia suficiente para o suprimento de mais de 6 milh\u00f5es de resid\u00eancias.  Ao longo das obras, foram gerados 11 mil empregos. Investimento total \u00e9 de cerca de R$ 10 bilh\u00f5es"},"content":{"rendered":"\n<p><br>O Governo do Rio de Janeiro concedeu, nesta ter\u00e7a-feira (22\/12), licen\u00e7a de opera\u00e7\u00e3o da primeira termel\u00e9trica do Porto do A\u00e7u, no Norte Fluminense, a UTE GNA I. Operada pela GNA \u2013 G\u00e1s Natural A\u00e7u, que tem como acionistas as empresas Prumo Log\u00edstica, bp e Siemens, a usina, prevista para operar comercialmente no primeiro semestre de 2021, possui capacidade instalada de 1.338 MW, o equivalente ao suprimento de mais de 6 milh\u00f5es de resid\u00eancias. O encontro, que marcou a entrega do documento, aconteceu no Pal\u00e1cio Guanabara e contou com a presen\u00e7a do governador em exerc\u00edcio Cl\u00e1udio Castro e dos secret\u00e1rios da Casa Civil, \u00a0Nicola Miccione, e do Ambiente e Sustentabilidade, Thiago Pampolha; al\u00e9m de representantes do INEA e da GNA.<br>&#8211; Respeitando todas as regras e com bases em decis\u00f5es t\u00e9cnicas, pedi agilidade nos processos de licenciamento, porque isso impacta na qualidade de vida das pessoas. Apenas a constru\u00e7\u00e3o dessa termel\u00e9trica gerou mais de 11 mil empregos, al\u00e9m de abrir as portas para que outros grupos entendam que o Rio vai voltar a ser um local bom para investir \u2013 afirmou Claudio Castro, governador em exerc\u00edcio.<\/p>\n\n\n\n<p>A UTE GNA I \u00e9 parte do maior Parque Termel\u00e9trico da Am\u00e9rica Latina. O projeto inclui a implanta\u00e7\u00e3o de duas usinas t\u00e9rmicas movidas a g\u00e1s natural (GNA I e GNA II) que, em conjunto, alcan\u00e7ar\u00e3o 3 GW de capacidade instalada. Juntas, as duas t\u00e9rmicas ir\u00e3o gerar energia suficiente para atender cerca de 14 milh\u00f5es de resid\u00eancias.&nbsp; Al\u00e9m disso, o projeto compreende um Terminal de Regaseifica\u00e7\u00e3o de GNL (G\u00e1s Natural Liquefeito), de 21 milh\u00f5es de metros c\u00fabicos\/dia. O investimento total \u00e9 de cerca de R$ 10 bilh\u00f5es.<\/p>\n\n\n\n<p>&nbsp;A localiza\u00e7\u00e3o estrat\u00e9gica do Porto do A\u00e7u possibilita ainda a cria\u00e7\u00e3o de um hub de g\u00e1s, elevando a capacidade de desenvolvimento econ\u00f4mico do Estado do Rio.<\/p>\n\n\n\n<p>&#8211; Esse empreendimento destaca a import\u00e2ncia de aliar desenvolvimento econ\u00f4mico e sustent\u00e1vel. Um projeto que al\u00e9m da gera\u00e7\u00e3o do emprego e fomento \u00e0 economia, ir\u00e1 garantir tamb\u00e9m seguran\u00e7a energ\u00e9tica para todo o pa\u00eds &#8211; explicou o secret\u00e1rio do Ambiente e Sustentabilidade, Thiago Pampolha.<\/p>\n\n\n\n<p><strong>A licen\u00e7a<br><\/strong>Para gerar menos impacto ambiental, a licen\u00e7a prev\u00ea que 100% da opera\u00e7\u00e3o da usina seja feita a partir da dessaliniza\u00e7\u00e3o de \u00e1gua do mar. Al\u00e9m disso, est\u00e3o em execu\u00e7\u00e3o programas de monitoramento com o objetivo de acompanhar as condi\u00e7\u00f5es ambientais, como emiss\u00f5es atmosf\u00e9ricas e a qualidade do ar e da fauna. Em rela\u00e7\u00e3o \u00e0 vegeta\u00e7\u00e3o, j\u00e1 foi recuperada, como forma de compensa\u00e7\u00e3o, uma \u00e1rea de 4,47 hectares de restinga.<br>A GNA possui, ainda, licen\u00e7a ambiental para dobrar a capacidade instalada do parque termel\u00e9trico, podendo chegar a 6,4 GW, o que permitir\u00e1 o desenvolvimento de projetos no futuro.<\/p>\n\n\n\n<p>&#8211; Estamos muito felizes com a obten\u00e7\u00e3o da licen\u00e7a de opera\u00e7\u00e3o do nosso primeiro projeto. Por conta da pandemia, as obras foram suspensas quando t\u00ednhamos mais de 5 mil trabalhadores e conseguimos retomar com muita responsabilidade, seguran\u00e7a e sem acidentes &#8211; o que \u00e9 um marco para o setor. Agradecemos todo o apoio do Governo, que entende a import\u00e2ncia do nosso empreendimento para o desenvolvimento econ\u00f4mico do Estado. E estamos ansiosos para 2021, quando iniciaremos as obras da GNA II, que vai empregar tamb\u00e9m mais de 5 mil pessoas &#8211; destacou Guilherme Pentea, diretor de Sustentabilidade da GNA.<\/p>\n","protected":false},"excerpt":{"rendered":"<p>O Governo do Rio de Janeiro concedeu, nesta ter\u00e7a-feira (22\/12), licen\u00e7a de opera\u00e7\u00e3o da primeira<\/p>\n","protected":false},"author":2,"featured_media":8658,"comment_status":"open","ping_status":"open","sticky":false,"template":"","format":"standard","meta":{"footnotes":""},"categories":[17],"tags":[],"class_list":["post-8657","post","type-post","status-publish","format-standard","has-post-thumbnail","hentry","category-outras-noticias"],"_links":{"self":[{"href":"https:\/\/tvc16.com\/portal\/wp-json\/wp\/v2\/posts\/8657","targetHints":{"allow":["GET"]}}],"collection":[{"href":"https:\/\/tvc16.com\/portal\/wp-json\/wp\/v2\/posts"}],"about":[{"href":"https:\/\/tvc16.com\/portal\/wp-json\/wp\/v2\/types\/post"}],"author":[{"embeddable":true,"href":"https:\/\/tvc16.com\/portal\/wp-json\/wp\/v2\/users\/2"}],"replies":[{"embeddable":true,"href":"https:\/\/tvc16.com\/portal\/wp-json\/wp\/v2\/comments?post=8657"}],"version-history":[{"count":1,"href":"https:\/\/tvc16.com\/portal\/wp-json\/wp\/v2\/posts\/8657\/revisions"}],"predecessor-version":[{"id":8659,"href":"https:\/\/tvc16.com\/portal\/wp-json\/wp\/v2\/posts\/8657\/revisions\/8659"}],"wp:featuredmedia":[{"embeddable":true,"href":"https:\/\/tvc16.com\/portal\/wp-json\/wp\/v2\/media\/8658"}],"wp:attachment":[{"href":"https:\/\/tvc16.com\/portal\/wp-json\/wp\/v2\/media?parent=8657"}],"wp:term":[{"taxonomy":"category","embeddable":true,"href":"https:\/\/tvc16.com\/portal\/wp-json\/wp\/v2\/categories?post=8657"},{"taxonomy":"post_tag","embeddable":true,"href":"https:\/\/tvc16.com\/portal\/wp-json\/wp\/v2\/tags?post=8657"}],"curies":[{"name":"wp","href":"https:\/\/api.w.org\/{rel}","templated":true}]}}