{"id":8663,"date":"2020-12-23T08:29:32","date_gmt":"2020-12-23T11:29:32","guid":{"rendered":"https:\/\/tvc16.com\/portal\/?p=8663"},"modified":"2020-12-23T08:29:34","modified_gmt":"2020-12-23T11:29:34","slug":"presidente-do-stj-concede-prisao-domiciliar-ao-prefeito-do-rio","status":"publish","type":"post","link":"https:\/\/tvc16.com\/portal\/2020\/12\/23\/presidente-do-stj-concede-prisao-domiciliar-ao-prefeito-do-rio\/","title":{"rendered":"Presidente do STJ concede pris\u00e3o domiciliar ao prefeito do Rio"},"content":{"rendered":"\n<h3 class=\"wp-block-heading\">Marcelo Crivella ser\u00e1 monitorado por tornozeleira eletr\u00f4nica<\/h3>\n\n\n\n<p>O presidente do Superior Tribunal de Justi\u00e7a (STJ), ministro Humberto Martins, concedeu&nbsp;hoje&nbsp;(22) pris\u00e3o domiciliar ao prefeito afastado do Rio&nbsp;de Janeiro, Marcelo Crivella. Pela decis\u00e3o, Crivella ser\u00e1 monitorado por tornozeleira eletr\u00f4nica e est\u00e1 proibido de manter contato com terceiros e de falar ao telefone. Ele tamb\u00e9m dever\u00e1 entregar aparelhos telef\u00f4nicos, computadores e&nbsp;<em>tablets<\/em>&nbsp;\u00e0s autoridades.<img decoding=\"async\" src=\"https:\/\/agenciabrasil.ebc.com.br\/ebc.png?id=1397145&amp;o=node\"><img decoding=\"async\" src=\"https:\/\/agenciabrasil.ebc.com.br\/ebc.gif?id=1397145&amp;o=node\"><\/p>\n\n\n\n<p>Na manh\u00e3 de&nbsp;hoje,&nbsp;Crivella&nbsp;<a href=\"https:\/\/agenciabrasil.ebc.com.br\/justica\/noticia\/2020-12\/prefeito-do-rio-marcelo-crivella-e-preso-pela-policia-civil\" target=\"_blank\" rel=\"noreferrer noopener\">foi preso<\/a>&nbsp;por determina\u00e7\u00e3o da desembargadora Rosa Helena Penna Macedo Guita, da 2\u00aa C\u00e2mara Criminal do Tribunal de Justi\u00e7a do Rio&nbsp;de Janeiro.&nbsp;A pris\u00e3o do prefeito e de outros investigados foi realizada em a\u00e7\u00e3o do Minist\u00e9rio P\u00fablico do Estado do Rio&nbsp;de Janeiro&nbsp;(MPRJ) e da Pol\u00edcia Civil, como&nbsp;desdobramento da Opera\u00e7\u00e3o Hades, que apura corrup\u00e7\u00e3o na prefeitura da cidade e tem como base a dela\u00e7\u00e3o do doleiro Sergio Mizrahy.<\/p>\n\n\n\n<p>Na decis\u00e3o, o presidente do STJ entendeu que Crivella pode cumprir medidas cautelares diversas da pris\u00e3o. \u201cN\u00e3o obstante o ju\u00edzo tenha apontado elementos que, em tese, justifiquem a pris\u00e3o preventiva, entendo que n\u00e3o ficou caracterizada a impossibilidade de ado\u00e7\u00e3o de medida cautelar substitutiva menos gravosa\u201d, afirmou o presidente da corte.<\/p>\n\n\n\n<p>No&nbsp;<em>habeas corpus<\/em>, a<a href=\"https:\/\/agenciabrasil.ebc.com.br\/justica\/noticia\/2020-12\/defesa-de-crivella-entra-com-habeas-corpus-no-stj\" target=\"_blank\" rel=\"noreferrer noopener\">&nbsp;defesa de Crivella&nbsp;<\/a>afirmou que a pris\u00e3o \u00e9 ilegal e uma demonstra\u00e7\u00e3o de criminaliza\u00e7\u00e3o da pol\u00edtica. \u201cA pris\u00e3o foi decretada com base em presun\u00e7\u00f5es gen\u00e9ricas e abstratas, desamparadas de qualquer base legal, sendo certo que o prefeito&nbsp;ter\u00e1 sua inoc\u00eancia demonstrada no curso do processo.\u201d, declararam os advogados.<\/p>\n\n\n\n<p>Ao chegar \u00e0 Cidade da Pol\u00edcia ap\u00f3s ser preso, o prefeito atribuiu a sua pris\u00e3o a uma persegui\u00e7\u00e3o pol\u00edtica. \u201cPersegui\u00e7\u00e3o pol\u00edtica. Lutei contra o ped\u00e1gio ilegal e injusto, tirei recursos do carnaval, negociei com o VLT. Foi o governo que mais atuou contra a corrup\u00e7\u00e3o no Rio\u00a0de Janeiro\u201d, afirmou.<\/p>\n\n\n\n<p>Por Andr\u00e9 Richter &#8211; Rep\u00f3rter da Ag\u00eancia Brasil &#8211; Bras\u00edlia<\/p>\n\n\n\n<p>Edi\u00e7\u00e3o: Juliana Andrade<\/p>\n","protected":false},"excerpt":{"rendered":"<p>Marcelo Crivella ser\u00e1 monitorado por tornozeleira eletr\u00f4nica O presidente do Superior Tribunal de Justi\u00e7a (STJ),<\/p>\n","protected":false},"author":2,"featured_media":8664,"comment_status":"open","ping_status":"open","sticky":false,"template":"","format":"standard","meta":{"footnotes":""},"categories":[17],"tags":[],"class_list":["post-8663","post","type-post","status-publish","format-standard","has-post-thumbnail","hentry","category-outras-noticias"],"_links":{"self":[{"href":"https:\/\/tvc16.com\/portal\/wp-json\/wp\/v2\/posts\/8663","targetHints":{"allow":["GET"]}}],"collection":[{"href":"https:\/\/tvc16.com\/portal\/wp-json\/wp\/v2\/posts"}],"about":[{"href":"https:\/\/tvc16.com\/portal\/wp-json\/wp\/v2\/types\/post"}],"author":[{"embeddable":true,"href":"https:\/\/tvc16.com\/portal\/wp-json\/wp\/v2\/users\/2"}],"replies":[{"embeddable":true,"href":"https:\/\/tvc16.com\/portal\/wp-json\/wp\/v2\/comments?post=8663"}],"version-history":[{"count":1,"href":"https:\/\/tvc16.com\/portal\/wp-json\/wp\/v2\/posts\/8663\/revisions"}],"predecessor-version":[{"id":8665,"href":"https:\/\/tvc16.com\/portal\/wp-json\/wp\/v2\/posts\/8663\/revisions\/8665"}],"wp:featuredmedia":[{"embeddable":true,"href":"https:\/\/tvc16.com\/portal\/wp-json\/wp\/v2\/media\/8664"}],"wp:attachment":[{"href":"https:\/\/tvc16.com\/portal\/wp-json\/wp\/v2\/media?parent=8663"}],"wp:term":[{"taxonomy":"category","embeddable":true,"href":"https:\/\/tvc16.com\/portal\/wp-json\/wp\/v2\/categories?post=8663"},{"taxonomy":"post_tag","embeddable":true,"href":"https:\/\/tvc16.com\/portal\/wp-json\/wp\/v2\/tags?post=8663"}],"curies":[{"name":"wp","href":"https:\/\/api.w.org\/{rel}","templated":true}]}}