{"id":8666,"date":"2020-12-23T15:17:10","date_gmt":"2020-12-23T18:17:10","guid":{"rendered":"https:\/\/tvc16.com\/portal\/?p=8666"},"modified":"2020-12-23T15:17:12","modified_gmt":"2020-12-23T18:17:12","slug":"cartao-merenda-sera-recarregado-nesta-quarta-feira-23","status":"publish","type":"post","link":"https:\/\/tvc16.com\/portal\/2020\/12\/23\/cartao-merenda-sera-recarregado-nesta-quarta-feira-23\/","title":{"rendered":"Cart\u00e3o Merenda ser\u00e1  recarregado nesta quarta-feira (23)"},"content":{"rendered":"\n<p>O prefeito Bernardo Rossi anunciou, para esta quarta-feira (23\/12), a recarga do Cart\u00e3o Merenda Certa. O anuncio foi feito nesta manh\u00e3 durante as vistorias com as equipes de Defesa Civil. O cr\u00e9dito de R$ 70 j\u00e1 est\u00e1 liberado para a compra, com o objetivo de refor\u00e7ar a alimenta\u00e7\u00e3o dos mais de 40 mil alunos da rede municipal de Educa\u00e7\u00e3o.<\/p>\n\n\n\n<p>\u201cO programa criado no meu governo serviu de exemplo para outros munic\u00edpios e garantiu durante o ano esse refor\u00e7o t\u00e3o necess\u00e1rio para as crian\u00e7as e adolescentes.&nbsp; Atrav\u00e9s do cart\u00e3o, as fam\u00edlias escolhem com quais produtos v\u00e3o adquirir\u201d, afirmou Bernardo Rossi, lembrando da import\u00e2ncia do programa.<\/p>\n\n\n\n<p>\u201cNosso mandato vai at\u00e9 31 de dezembro e vamos solicitar ao pr\u00f3ximo gestor da cidade que mantenha esse benef\u00edcio \u00e0 popula\u00e7\u00e3o\u201d, acrescentou Bernardo Rossi.<\/p>\n\n\n\n<p>Vale lembrar que o Cart\u00e3o Merenda Certa foi criado em abril de 2020, ap\u00f3s a suspens\u00e3o do atendimento presencial na rede municipal de Educa\u00e7\u00e3o por conta da pandemia do coronav\u00edrus. Desde ent\u00e3o, uma recarga com o cr\u00e9dito no valor de R$ 70 foi feita mensalmente. Cada aluno matriculado na rede recebeu um cart\u00e3o.<br><br>Link do an\u00fancio:<\/p>\n\n\n\n<p><a href=\"https:\/\/www.facebook.com\/267355993364315\/posts\/3088498377916715\/?vh=e&amp;extid=0&amp;d=n\">https:\/\/www.facebook.com\/267355993364315\/posts\/3088498377916715\/?vh=e&amp;extid=0&amp;d=n<\/a><\/p>\n","protected":false},"excerpt":{"rendered":"<p>O prefeito Bernardo Rossi anunciou, para esta quarta-feira (23\/12), a recarga do Cart\u00e3o Merenda Certa.<\/p>\n","protected":false},"author":2,"featured_media":8667,"comment_status":"open","ping_status":"open","sticky":false,"template":"","format":"standard","meta":{"footnotes":""},"categories":[12],"tags":[],"class_list":["post-8666","post","type-post","status-publish","format-standard","has-post-thumbnail","hentry","category-cidade"],"_links":{"self":[{"href":"https:\/\/tvc16.com\/portal\/wp-json\/wp\/v2\/posts\/8666","targetHints":{"allow":["GET"]}}],"collection":[{"href":"https:\/\/tvc16.com\/portal\/wp-json\/wp\/v2\/posts"}],"about":[{"href":"https:\/\/tvc16.com\/portal\/wp-json\/wp\/v2\/types\/post"}],"author":[{"embeddable":true,"href":"https:\/\/tvc16.com\/portal\/wp-json\/wp\/v2\/users\/2"}],"replies":[{"embeddable":true,"href":"https:\/\/tvc16.com\/portal\/wp-json\/wp\/v2\/comments?post=8666"}],"version-history":[{"count":1,"href":"https:\/\/tvc16.com\/portal\/wp-json\/wp\/v2\/posts\/8666\/revisions"}],"predecessor-version":[{"id":8668,"href":"https:\/\/tvc16.com\/portal\/wp-json\/wp\/v2\/posts\/8666\/revisions\/8668"}],"wp:featuredmedia":[{"embeddable":true,"href":"https:\/\/tvc16.com\/portal\/wp-json\/wp\/v2\/media\/8667"}],"wp:attachment":[{"href":"https:\/\/tvc16.com\/portal\/wp-json\/wp\/v2\/media?parent=8666"}],"wp:term":[{"taxonomy":"category","embeddable":true,"href":"https:\/\/tvc16.com\/portal\/wp-json\/wp\/v2\/categories?post=8666"},{"taxonomy":"post_tag","embeddable":true,"href":"https:\/\/tvc16.com\/portal\/wp-json\/wp\/v2\/tags?post=8666"}],"curies":[{"name":"wp","href":"https:\/\/api.w.org\/{rel}","templated":true}]}}