{"id":8669,"date":"2020-12-23T15:24:10","date_gmt":"2020-12-23T18:24:10","guid":{"rendered":"https:\/\/tvc16.com\/portal\/?p=8669"},"modified":"2020-12-23T15:24:12","modified_gmt":"2020-12-23T18:24:12","slug":"orquestra-de-camara-do-palacio-itaborai-faz-apresentacao-de-natal-nada-costumeira","status":"publish","type":"post","link":"https:\/\/tvc16.com\/portal\/2020\/12\/23\/orquestra-de-camara-do-palacio-itaborai-faz-apresentacao-de-natal-nada-costumeira\/","title":{"rendered":"Orquestra de C\u00e2mara do Pal\u00e1cio Itabora\u00ed faz apresenta\u00e7\u00e3o de Natal nada costumeira"},"content":{"rendered":"\n<p><em>V\u00eddeos com apresenta\u00e7\u00f5es est\u00e3o dispon\u00edveis no YouTube &nbsp;<\/em><\/p>\n\n\n\n<p>A Orquestra de C\u00e2mara do Pal\u00e1cio Itaborai \u2013 OCPIT acaba de disponibilizar no canal de youtube do F\u00f3rum Itabora\u00ed&nbsp;&nbsp;(<a rel=\"noreferrer noopener\" target=\"_blank\" href=\"https:\/\/www.youtube.com\/channel\/UCHjK2jruJLs6R6hVdNlBYcg\/videos\">https:\/\/www.youtube.com\/channel\/UCHjK2jruJLs6R6hVdNlBYcg\/videos<\/a>) tr\u00eas v\u00eddeos de seu curto concerto de Natal de 2020, em um formato adaptado \u00e0s condi\u00e7\u00f5es permitidas pelo contexto da pandemia da Covid-19. Para n\u00e3o gerar aglomera\u00e7\u00f5es, as apresenta\u00e7\u00f5es foram realizadas com uma forma\u00e7\u00e3o reduzida, de nove instrumentistas, em grava\u00e7\u00f5es realizadas na varanda do Pal\u00e1cio Itabora\u00ed, em Petr\u00f3polis. No repert\u00f3rio est\u00e3o: \u201cCan\u00e7\u00e3o Angelical\u201d, do compositor F\u00e9lix Mendelssohn, \u201cGreensleaves\u201d, de compositor an\u00f4nimo do s\u00e9culo XVI, e \u201cFeliz Natal e Boas Festas\u201d, de Heitor Villa-Lobos, todas com adapta\u00e7\u00e3o de S\u00e9rgio Barboza e sob reg\u00eancia de Celso Franzen e de Luiz Felipe Galdino. &nbsp;<\/p>\n\n\n\n<p>Formada, atualmente, por 24 jovens m\u00fasicos de Petr\u00f3polis, estudantes da rede p\u00fablica de ensino, a Orquestra de C\u00e2mara do Pal\u00e1cio Itabora\u00ed \u00e9 um projeto sociocultural criado em 2013 pelo F\u00f3rum Itabora\u00ed: Pol\u00edtica, Ci\u00eancia e Cultura na Sa\u00fade, unidade da Fiocruz em Petr\u00f3polis, cujo prop\u00f3sito \u00e9 desenvolver o aprendizado com perspectiva profissionalizante e humanista. Os jovens musicistas vivenciam um curso intensivo e gratuito no decorrer de quatro anos, com aulas te\u00f3ricas e pr\u00e1ticas de m\u00fasica,\u00a0<em>masterclasses<\/em>\u00a0e interc\u00e2mbios com universidades de m\u00fasica, al\u00e9m de apresenta\u00e7\u00f5es regulares de concertos para diversos p\u00fablicos, inclusive em escolas da rede p\u00fablica de Petr\u00f3polis, totalizando uma carga hor\u00e1ria de 300 horas por ano. \u00a0<\/p>\n\n\n\n<p>O ano de 2020 foi tamb\u00e9m de conquista pela OCPIT do Pr\u00eamio Maestro Guerra-Peixe de Cultura,&nbsp;na categoria \u201cm\u00fasica erudita\u201d, pelo trabalho realizado em 2019. Trata-se do mais importante reconhecimento do cen\u00e1rio cultural da cidade de&nbsp;Petr\u00f3polis e acontece todos os anos com o objetivo de consagrar os principais artistas e iniciativas culturais do munic\u00edpio e, tamb\u00e9m, manter viva a homenagem&nbsp;a um dos maiores compositores e arranjadores brasileiros, o petropolitano C\u00e9sar Guerra-Peixe (1914-1993).&nbsp; &nbsp;<\/p>\n\n\n\n<p>A Orquestra de C\u00e2mara do Pal\u00e1cio Itabora\u00ed recebe aporte financeiro do or\u00e7amento regular da Fiocruz, al\u00e9m do patroc\u00ednio da GE-Celma, desde fins de 2015, e da Schott Brasil, desde 2017, ambos por meio da Lei de Incentivo \u00e0 Cultura, e, ainda, doa\u00e7\u00f5es de pessoas f\u00edsicas, por meio do abatimento no imposto de renda devido. &nbsp;<\/p>\n\n\n\n<p>Para conhecer mais sobre a Orquestra de C\u00e2mara do Pal\u00e1cio Itabora\u00ed acesse&nbsp;<a rel=\"noreferrer noopener\" target=\"_blank\" href=\"https:\/\/www.youtube.com\/watch?v=kjeYKqG2J9s\">https:\/\/www.youtube.com\/watch?v=kjeYKqG2J9s<\/a>&nbsp;e veja o document\u00e1rio sobre o projeto. &nbsp;<\/p>\n","protected":false},"excerpt":{"rendered":"<p>V\u00eddeos com apresenta\u00e7\u00f5es est\u00e3o dispon\u00edveis no YouTube &nbsp; A Orquestra de C\u00e2mara do Pal\u00e1cio Itaborai<\/p>\n","protected":false},"author":2,"featured_media":8670,"comment_status":"open","ping_status":"open","sticky":false,"template":"","format":"standard","meta":{"footnotes":""},"categories":[12],"tags":[],"class_list":["post-8669","post","type-post","status-publish","format-standard","has-post-thumbnail","hentry","category-cidade"],"_links":{"self":[{"href":"https:\/\/tvc16.com\/portal\/wp-json\/wp\/v2\/posts\/8669","targetHints":{"allow":["GET"]}}],"collection":[{"href":"https:\/\/tvc16.com\/portal\/wp-json\/wp\/v2\/posts"}],"about":[{"href":"https:\/\/tvc16.com\/portal\/wp-json\/wp\/v2\/types\/post"}],"author":[{"embeddable":true,"href":"https:\/\/tvc16.com\/portal\/wp-json\/wp\/v2\/users\/2"}],"replies":[{"embeddable":true,"href":"https:\/\/tvc16.com\/portal\/wp-json\/wp\/v2\/comments?post=8669"}],"version-history":[{"count":1,"href":"https:\/\/tvc16.com\/portal\/wp-json\/wp\/v2\/posts\/8669\/revisions"}],"predecessor-version":[{"id":8671,"href":"https:\/\/tvc16.com\/portal\/wp-json\/wp\/v2\/posts\/8669\/revisions\/8671"}],"wp:featuredmedia":[{"embeddable":true,"href":"https:\/\/tvc16.com\/portal\/wp-json\/wp\/v2\/media\/8670"}],"wp:attachment":[{"href":"https:\/\/tvc16.com\/portal\/wp-json\/wp\/v2\/media?parent=8669"}],"wp:term":[{"taxonomy":"category","embeddable":true,"href":"https:\/\/tvc16.com\/portal\/wp-json\/wp\/v2\/categories?post=8669"},{"taxonomy":"post_tag","embeddable":true,"href":"https:\/\/tvc16.com\/portal\/wp-json\/wp\/v2\/tags?post=8669"}],"curies":[{"name":"wp","href":"https:\/\/api.w.org\/{rel}","templated":true}]}}