{"id":8672,"date":"2020-12-23T15:31:25","date_gmt":"2020-12-23T18:31:25","guid":{"rendered":"https:\/\/tvc16.com\/portal\/?p=8672"},"modified":"2020-12-23T15:33:12","modified_gmt":"2020-12-23T18:33:12","slug":"lncc-e-ufrj-identificam-nova-linhagem-do-sars-cov-2-no-rio-de-janeiro","status":"publish","type":"post","link":"https:\/\/tvc16.com\/portal\/2020\/12\/23\/lncc-e-ufrj-identificam-nova-linhagem-do-sars-cov-2-no-rio-de-janeiro\/","title":{"rendered":"LNCC e UFRJ identificam nova linhagem do SARS-Cov-2 no Rio de Janeiro"},"content":{"rendered":"\n<p>Segundo an\u00e1lise, a nova linhagem foi identificada em 38 dos 180 genomas sequenciados.<\/p>\n\n\n\n<p>O Laborat\u00f3rio de Bioinform\u00e1tica &#8211; Labinfo, do Laborat\u00f3rio Nacional de Computa\u00e7\u00e3o Cient\u00edfica &#8211; LNCC\/MCTI (unidade de pesquisa do Minist\u00e9rio da Ci\u00eancia, Tecnologia e Inova\u00e7\u00f5es) identificou cinco muta\u00e7\u00f5es, caracterizando uma poss\u00edvel nova linhagem origin\u00e1ria do B.1.1.28 do novo coronav\u00edrus. A an\u00e1lise, conduzida em colabora\u00e7\u00e3o com o Laborat\u00f3rio de Virologia Molecular da Universidade Federal do Rio de Janeiro \u2013 UFRJ, as<br>Secretarias de Sa\u00fade de Maric\u00e1 e do Rio de Janeiro e o Laborat\u00f3rio Central de Sa\u00fade P\u00fablica Noel Nutels sequenciou 180 genomas do<br>SARS-CoV-2, provenientes de amostras do Estado do Rio de Janeiro.<\/p>\n\n\n\n<p>A B.1.1.28 j\u00e1 circulava no Brasil no in\u00edcio do ano. As muta\u00e7\u00f5es s\u00e3o no C100U, C28253U, G28628U, G28975U e C29754U. Al\u00e9m dessas cinco, a muta\u00e7\u00e3o<br>G23012A (E484K), no dom\u00ednio de liga\u00e7\u00e3o ao receptor da prote\u00edna Spike, est\u00e1 amplamente espalhado nos genomas dessa linhagem. E484K foi<br>anteriormente associada ao escape de anticorpos neutralizantes contra SARS-CoV-2.<br>A pesquisadora Ana Tereza Ribeiro de Vasconcelos, que \u00e9 geneticista e bioinformata com doutorado em Gen\u00e9tica pela UFRJ e que tem experi\u00eancia<br>na \u00e1rea de Bioinform\u00e1tica e de Biologia Computacional, atuando principalmente na integra\u00e7\u00e3o de dados das v\u00e1rias camadas multi-\u00f4micas arrav\u00e9s da computa\u00e7\u00e3o de alto desempenho, al\u00e9m de respons\u00e1vel pelo<br>Labinfo do LNCC, explica que de acordo com as an\u00e1lises filogen\u00e9ticas, o surgimento desta nova linhagem ocorreu em julho de 2020 e foi<br>identificada, principalmente, no Rio de Janeiro, em Cabo Frio, Niter\u00f3i e Duque de Caxias na Baixada Fluminense.<\/p>\n\n\n\n<p>Segundo Ana Tereza n\u00e3o existe indica\u00e7\u00e3o que essa linhagem seja mais transmiss\u00edvel ou que possa interferir na efetividade das vacinas que<br>est\u00e3o sendo desenvolvidas. Entretanto, ela ressalta a import\u00e2ncia de estudos cont\u00ednuos de vigil\u00e2ncia gen\u00f4mica para an\u00e1lise da dispers\u00e3o dessa<br>nova linhagem e na identifica\u00e7\u00e3o de novas variantes do SARS-CoV-2 no estado do Rio de Janeiro e no Brasil.<br>As an\u00e1lises indicam que a linhagem B.1.1.28 aparece como emergente, sendo identificada em 38 dos 180 genomas sequenciados. Por outro lado,<br>os pesquisadores apontam que a linhagem B.1.1.33 est\u00e1 em decl\u00ednio. O trabalho foi financiado pela Faperj, Minist\u00e9rio da Ci\u00eancia e Tecnologia<br>e submetido em 20 de dezembro ao MedRxiv.<\/p>\n","protected":false},"excerpt":{"rendered":"<p>Segundo an\u00e1lise, a nova linhagem foi identificada em 38 dos 180 genomas sequenciados. O Laborat\u00f3rio<\/p>\n","protected":false},"author":2,"featured_media":8673,"comment_status":"open","ping_status":"open","sticky":false,"template":"","format":"standard","meta":{"footnotes":""},"categories":[12],"tags":[],"class_list":["post-8672","post","type-post","status-publish","format-standard","has-post-thumbnail","hentry","category-cidade"],"_links":{"self":[{"href":"https:\/\/tvc16.com\/portal\/wp-json\/wp\/v2\/posts\/8672","targetHints":{"allow":["GET"]}}],"collection":[{"href":"https:\/\/tvc16.com\/portal\/wp-json\/wp\/v2\/posts"}],"about":[{"href":"https:\/\/tvc16.com\/portal\/wp-json\/wp\/v2\/types\/post"}],"author":[{"embeddable":true,"href":"https:\/\/tvc16.com\/portal\/wp-json\/wp\/v2\/users\/2"}],"replies":[{"embeddable":true,"href":"https:\/\/tvc16.com\/portal\/wp-json\/wp\/v2\/comments?post=8672"}],"version-history":[{"count":2,"href":"https:\/\/tvc16.com\/portal\/wp-json\/wp\/v2\/posts\/8672\/revisions"}],"predecessor-version":[{"id":8676,"href":"https:\/\/tvc16.com\/portal\/wp-json\/wp\/v2\/posts\/8672\/revisions\/8676"}],"wp:featuredmedia":[{"embeddable":true,"href":"https:\/\/tvc16.com\/portal\/wp-json\/wp\/v2\/media\/8673"}],"wp:attachment":[{"href":"https:\/\/tvc16.com\/portal\/wp-json\/wp\/v2\/media?parent=8672"}],"wp:term":[{"taxonomy":"category","embeddable":true,"href":"https:\/\/tvc16.com\/portal\/wp-json\/wp\/v2\/categories?post=8672"},{"taxonomy":"post_tag","embeddable":true,"href":"https:\/\/tvc16.com\/portal\/wp-json\/wp\/v2\/tags?post=8672"}],"curies":[{"name":"wp","href":"https:\/\/api.w.org\/{rel}","templated":true}]}}