{"id":8677,"date":"2020-12-23T15:38:14","date_gmt":"2020-12-23T18:38:14","guid":{"rendered":"https:\/\/tvc16.com\/portal\/?p=8677"},"modified":"2020-12-23T15:38:16","modified_gmt":"2020-12-23T18:38:16","slug":"a-petro-ita-informa-que-em-razao-de-deslizamentos-de-terra-provocados-pela-chuva-que-atingiu-o-municipio-linhas-de-onibus-tiveram-alteracoes-em-seus-respectivos-pontos-finais-em-alguns-bairros","status":"publish","type":"post","link":"https:\/\/tvc16.com\/portal\/2020\/12\/23\/a-petro-ita-informa-que-em-razao-de-deslizamentos-de-terra-provocados-pela-chuva-que-atingiu-o-municipio-linhas-de-onibus-tiveram-alteracoes-em-seus-respectivos-pontos-finais-em-alguns-bairros\/","title":{"rendered":"A Petro Ita informa que, em raz\u00e3o de deslizamentos de terra provocados pela chuva que atingiu o munic\u00edpio, linhas de \u00f4nibus tiveram altera\u00e7\u00f5es em seus respectivos pontos finais, em alguns bairros."},"content":{"rendered":"\n<p><br>As linhas 407 &#8211; Sim\u00e9ria (Via Castel\u00e2nea), 438 &#8211; Sim\u00e9ria (Via Alto da Serra) e 446 &#8211; Sim\u00e9ria (Via Coronel Veiga), est\u00e3o paradas um quil\u00f4metro antes do ponto final, na entrada do bairro.J\u00e1 as linhas 408 &#8211; Vital Brasil, 411 \u2013 Vital Brasil (Via Alto da Serra) e 447 \u2013 Vital Brasil (Via Castel\u00e2nea), est\u00e3o manobrando 790 metros antes do ponto final, na Pra\u00e7a S\u00e3o Sebasti\u00e3o.As demais empresas de \u00f4nibus seguem apresentando atrasos e perdas de viagens em algumas linhas, por conta das reten\u00e7\u00f5es no tr\u00e2nsito e congestionamentos, desde as primeiras horas da manh\u00e3 de ontem (22), mas seguem normalmente sem altera\u00e7\u00f5es no itiner\u00e1rio.O Setranspetro orienta que os passageiros baixem gratuitamente os aplicativos \u201cV\u00e1 de \u00d4nibus\u201d ou o \u201cCittamobi\u201d (exclusivo aos clientes da Turb Petr\u00f3polis), dispon\u00edveis nas vers\u00f5es Android e IOS. Neles, o cliente pode ter acesso \u00e0s principais informa\u00e7\u00f5es sobre as linhas de \u00f4nibus da empresa, localiza\u00e7\u00e3o do ve\u00edculo em tempo real, previs\u00e3o de chegada ao ponto em que a pessoa est\u00e1 e a dura\u00e7\u00e3o aproximada do trajeto.<\/p>\n\n\n\n<p>Foto: arquivo\/ meramente ilustrativa <\/p>\n","protected":false},"excerpt":{"rendered":"<p>As linhas 407 &#8211; Sim\u00e9ria (Via Castel\u00e2nea), 438 &#8211; Sim\u00e9ria (Via Alto da Serra) e<\/p>\n","protected":false},"author":2,"featured_media":8678,"comment_status":"open","ping_status":"open","sticky":false,"template":"","format":"standard","meta":{"footnotes":""},"categories":[12],"tags":[],"class_list":["post-8677","post","type-post","status-publish","format-standard","has-post-thumbnail","hentry","category-cidade"],"_links":{"self":[{"href":"https:\/\/tvc16.com\/portal\/wp-json\/wp\/v2\/posts\/8677","targetHints":{"allow":["GET"]}}],"collection":[{"href":"https:\/\/tvc16.com\/portal\/wp-json\/wp\/v2\/posts"}],"about":[{"href":"https:\/\/tvc16.com\/portal\/wp-json\/wp\/v2\/types\/post"}],"author":[{"embeddable":true,"href":"https:\/\/tvc16.com\/portal\/wp-json\/wp\/v2\/users\/2"}],"replies":[{"embeddable":true,"href":"https:\/\/tvc16.com\/portal\/wp-json\/wp\/v2\/comments?post=8677"}],"version-history":[{"count":1,"href":"https:\/\/tvc16.com\/portal\/wp-json\/wp\/v2\/posts\/8677\/revisions"}],"predecessor-version":[{"id":8679,"href":"https:\/\/tvc16.com\/portal\/wp-json\/wp\/v2\/posts\/8677\/revisions\/8679"}],"wp:featuredmedia":[{"embeddable":true,"href":"https:\/\/tvc16.com\/portal\/wp-json\/wp\/v2\/media\/8678"}],"wp:attachment":[{"href":"https:\/\/tvc16.com\/portal\/wp-json\/wp\/v2\/media?parent=8677"}],"wp:term":[{"taxonomy":"category","embeddable":true,"href":"https:\/\/tvc16.com\/portal\/wp-json\/wp\/v2\/categories?post=8677"},{"taxonomy":"post_tag","embeddable":true,"href":"https:\/\/tvc16.com\/portal\/wp-json\/wp\/v2\/tags?post=8677"}],"curies":[{"name":"wp","href":"https:\/\/api.w.org\/{rel}","templated":true}]}}