{"id":8683,"date":"2020-12-23T15:53:25","date_gmt":"2020-12-23T18:53:25","guid":{"rendered":"https:\/\/tvc16.com\/portal\/?p=8683"},"modified":"2020-12-23T16:47:42","modified_gmt":"2020-12-23T19:47:42","slug":"a-secretaria-de-defesa-civil-e-acoes-voluntarias-registrou-ate-o-momento-20-ocorrencias-devido-as-fortes-chuvas-da-ultima-quarta-feira-destes-14-registros-foram-de-deslizamentos","status":"publish","type":"post","link":"https:\/\/tvc16.com\/portal\/2020\/12\/23\/a-secretaria-de-defesa-civil-e-acoes-voluntarias-registrou-ate-o-momento-20-ocorrencias-devido-as-fortes-chuvas-da-ultima-quarta-feira-destes-14-registros-foram-de-deslizamentos\/","title":{"rendered":"A Secretaria de Defesa Civil e A\u00e7\u00f5es Volunt\u00e1rias registrou, at\u00e9 o momento, 20 ocorr\u00eancias devido \u00e0s fortes chuvas da \u00faltima quarta-feira. Destes, 14 registros foram de deslizamentos"},"content":{"rendered":"\n<p>Seis fam\u00edlias est\u00e3o desalojadas. A Secretaria de Assist\u00eancia Social j\u00e1 iniciou os atendimentos \u00e0s fam\u00edlias. N\u00e3o houve feridos. O munic\u00edpio se encontra em estado de aten\u00e7\u00e3o. Os registros mais graves ocorreram nos bairros S\u00e3o Sebasti\u00e3o e Sim\u00e9ria, que somam oito ocorr\u00eancias de deslizamentos de terra. Seis casas foram atingidas. Equipes t\u00e9cnicas da Defesa Civil foram encaminhadas para vistoriar os locais. As sirenes do sistema de alerta da Defesa Civil no S\u00e3o Sebasti\u00e3o, Alto Independ\u00eancia e Sim\u00e9ria foram acionadas e os pontos de apoio das E.M. Papa Jo\u00e3o Paulo II, E.M. Alto Independ\u00eancia e E.M. Rosalina Nicolay foram abertos, respectivamente. <\/p>\n\n\n\n<figure class=\"wp-block-image size-large\"><img loading=\"lazy\" decoding=\"async\" width=\"960\" height=\"959\" src=\"https:\/\/tvc16.com\/portal\/wp-content\/uploads\/2020\/12\/FB_IMG_1608752762792.jpg\" alt=\"\" class=\"wp-image-8699\" srcset=\"https:\/\/tvc16.com\/portal\/wp-content\/uploads\/2020\/12\/FB_IMG_1608752762792.jpg 960w, https:\/\/tvc16.com\/portal\/wp-content\/uploads\/2020\/12\/FB_IMG_1608752762792-300x300.jpg 300w, https:\/\/tvc16.com\/portal\/wp-content\/uploads\/2020\/12\/FB_IMG_1608752762792-150x150.jpg 150w, https:\/\/tvc16.com\/portal\/wp-content\/uploads\/2020\/12\/FB_IMG_1608752762792-768x767.jpg 768w\" sizes=\"auto, (max-width: 960px) 100vw, 960px\" \/><\/figure>\n\n\n\n<p>O maior volume de chuva foi registrado no pluvi\u00f4metro do bairro S\u00e3o Sebasti\u00e3o, que no fim da tarde de ontem chegou a marcar 81 mil\u00edmetros em uma hora. Em caso de emerg\u00eancia acione a Defesa Civil atrav\u00e9s do telefone 199. Pessoas que residem em \u00e1rea de risco, em caso de necessidade ou acionamento das sirenes, devem procurar os pontos de apoio imediatamente.<\/p>\n","protected":false},"excerpt":{"rendered":"<p>Seis fam\u00edlias est\u00e3o desalojadas. A Secretaria de Assist\u00eancia Social j\u00e1 iniciou os atendimentos \u00e0s fam\u00edlias.<\/p>\n","protected":false},"author":2,"featured_media":8697,"comment_status":"open","ping_status":"open","sticky":false,"template":"","format":"standard","meta":{"footnotes":""},"categories":[12],"tags":[],"class_list":["post-8683","post","type-post","status-publish","format-standard","has-post-thumbnail","hentry","category-cidade"],"_links":{"self":[{"href":"https:\/\/tvc16.com\/portal\/wp-json\/wp\/v2\/posts\/8683","targetHints":{"allow":["GET"]}}],"collection":[{"href":"https:\/\/tvc16.com\/portal\/wp-json\/wp\/v2\/posts"}],"about":[{"href":"https:\/\/tvc16.com\/portal\/wp-json\/wp\/v2\/types\/post"}],"author":[{"embeddable":true,"href":"https:\/\/tvc16.com\/portal\/wp-json\/wp\/v2\/users\/2"}],"replies":[{"embeddable":true,"href":"https:\/\/tvc16.com\/portal\/wp-json\/wp\/v2\/comments?post=8683"}],"version-history":[{"count":2,"href":"https:\/\/tvc16.com\/portal\/wp-json\/wp\/v2\/posts\/8683\/revisions"}],"predecessor-version":[{"id":8700,"href":"https:\/\/tvc16.com\/portal\/wp-json\/wp\/v2\/posts\/8683\/revisions\/8700"}],"wp:featuredmedia":[{"embeddable":true,"href":"https:\/\/tvc16.com\/portal\/wp-json\/wp\/v2\/media\/8697"}],"wp:attachment":[{"href":"https:\/\/tvc16.com\/portal\/wp-json\/wp\/v2\/media?parent=8683"}],"wp:term":[{"taxonomy":"category","embeddable":true,"href":"https:\/\/tvc16.com\/portal\/wp-json\/wp\/v2\/categories?post=8683"},{"taxonomy":"post_tag","embeddable":true,"href":"https:\/\/tvc16.com\/portal\/wp-json\/wp\/v2\/tags?post=8683"}],"curies":[{"name":"wp","href":"https:\/\/api.w.org\/{rel}","templated":true}]}}