{"id":8690,"date":"2020-12-23T16:41:22","date_gmt":"2020-12-23T19:41:22","guid":{"rendered":"https:\/\/tvc16.com\/portal\/?p=8690"},"modified":"2020-12-23T16:41:24","modified_gmt":"2020-12-23T19:41:24","slug":"primeiras-doses-da-vacina-astrazeneca-estarao-disponiveis-em-fevereiro","status":"publish","type":"post","link":"https:\/\/tvc16.com\/portal\/2020\/12\/23\/primeiras-doses-da-vacina-astrazeneca-estarao-disponiveis-em-fevereiro\/","title":{"rendered":"Primeiras doses da vacina AstraZeneca estar\u00e3o dispon\u00edveis em fevereiro"},"content":{"rendered":"\n<p>Pelo calend\u00e1rio programado, nas semanas de 8 a 12 de fevereiro e de 15 a 19 de fevereiro, ser\u00e3o entregues 1 milh\u00e3o de doses.<\/p>\n\n\n\n<p>As primeiras doses da vacina desenvolvida pela Universidade de Oxford, em parceria com a farmac\u00eautica AstraZeneca, finalizadas no Brasil, estar\u00e3o dispon\u00edveis na semana do dia 8 de fevereiro.&nbsp;<\/p>\n\n\n\n<p>Pelo calend\u00e1rio programado, nas semanas de 8 a 12 de fevereiro e de 15 a 19 de fevereiro, ser\u00e3o entregues 1 milh\u00e3o de doses. A partir da terceira semana, de 22 a 26 de fevereiro, ser\u00e3o 700 mil doses di\u00e1rias da vacina, totalizando 3,5 milh\u00f5es de doses por semana. A programa\u00e7\u00e3o, no entanto, depender\u00e1 do registro dos imunizantes pela Ag\u00eancia Nacional de Vigil\u00e2ncia Sanit\u00e1ria (Anvisa).&nbsp;<\/p>\n\n\n\n<p><a href=\"https:\/\/brasil61.com\/noticias\/sp-governo-estadual-confirma-chegada-de-5-5-milhoes-de-doses-da-coronavac-no-dia-24-bras203107\"><strong>SP: Governo estadual confirma chegada de 5,5 milh\u00f5es de doses da Coronavac no dia 24<\/strong><\/a><\/p>\n\n\n\n<p><a href=\"https:\/\/brasil61.com\/noticias\/portaria-habilita-novos-leitos-de-uti-e-mais-recursos-financeiros-para-estados-e-municipios-no-combate-a-pandemia-bras203105\"><strong>Portaria habilita novos leitos de UTI e mais recursos financeiros para estados e munic\u00edpios no combate \u00e0 pandemia<\/strong><\/a><\/p>\n\n\n\n<p>Outro contrato tamb\u00e9m adiantado, segundo o Minist\u00e9rio da Sa\u00fade, \u00e9 com o Instituto Butantan para 46 milh\u00f5es de doses da CoronaVac. A partir de janeiro, depois de aprovado por ag\u00eancia regulat\u00f3ria, ser\u00e3o adquiridas 9 milh\u00f5es de doses em janeiro, 15 milh\u00f5es em fevereiro e 22 milh\u00f5es em mar\u00e7o, de acordo com cronograma de entrega proposto pelo Butantan.<\/p>\n\n\n\n<p>Fonte: <a href=\"https:\/\/brasil61.com\/noticias\/primeiras-doses-da-vacina-astrazeneca-estarao-disponiveis-em-fevereiro-bras203122?email=bethdeoliveira@yahoo.com.br&amp;utm_source=newsletter&amp;utm_medium=newsletter&amp;utm_campaign=newsletter\" target=\"_blank\" rel=\"noreferrer noopener\">Brasil 61<\/a><\/p>\n\n\n\n<p><\/p>\n","protected":false},"excerpt":{"rendered":"<p>Pelo calend\u00e1rio programado, nas semanas de 8 a 12 de fevereiro e de 15 a<\/p>\n","protected":false},"author":2,"featured_media":8691,"comment_status":"open","ping_status":"open","sticky":false,"template":"","format":"standard","meta":{"footnotes":""},"categories":[17],"tags":[],"class_list":["post-8690","post","type-post","status-publish","format-standard","has-post-thumbnail","hentry","category-outras-noticias"],"_links":{"self":[{"href":"https:\/\/tvc16.com\/portal\/wp-json\/wp\/v2\/posts\/8690","targetHints":{"allow":["GET"]}}],"collection":[{"href":"https:\/\/tvc16.com\/portal\/wp-json\/wp\/v2\/posts"}],"about":[{"href":"https:\/\/tvc16.com\/portal\/wp-json\/wp\/v2\/types\/post"}],"author":[{"embeddable":true,"href":"https:\/\/tvc16.com\/portal\/wp-json\/wp\/v2\/users\/2"}],"replies":[{"embeddable":true,"href":"https:\/\/tvc16.com\/portal\/wp-json\/wp\/v2\/comments?post=8690"}],"version-history":[{"count":1,"href":"https:\/\/tvc16.com\/portal\/wp-json\/wp\/v2\/posts\/8690\/revisions"}],"predecessor-version":[{"id":8692,"href":"https:\/\/tvc16.com\/portal\/wp-json\/wp\/v2\/posts\/8690\/revisions\/8692"}],"wp:featuredmedia":[{"embeddable":true,"href":"https:\/\/tvc16.com\/portal\/wp-json\/wp\/v2\/media\/8691"}],"wp:attachment":[{"href":"https:\/\/tvc16.com\/portal\/wp-json\/wp\/v2\/media?parent=8690"}],"wp:term":[{"taxonomy":"category","embeddable":true,"href":"https:\/\/tvc16.com\/portal\/wp-json\/wp\/v2\/categories?post=8690"},{"taxonomy":"post_tag","embeddable":true,"href":"https:\/\/tvc16.com\/portal\/wp-json\/wp\/v2\/tags?post=8690"}],"curies":[{"name":"wp","href":"https:\/\/api.w.org\/{rel}","templated":true}]}}