{"id":8693,"date":"2020-12-23T16:44:48","date_gmt":"2020-12-23T19:44:48","guid":{"rendered":"https:\/\/tvc16.com\/portal\/?p=8693"},"modified":"2020-12-23T16:44:50","modified_gmt":"2020-12-23T19:44:50","slug":"verao-2021-entenda-as-relacoes-do-calor-com-os-casos-de-covid-19","status":"publish","type":"post","link":"https:\/\/tvc16.com\/portal\/2020\/12\/23\/verao-2021-entenda-as-relacoes-do-calor-com-os-casos-de-covid-19\/","title":{"rendered":"Ver\u00e3o 2021: entenda as rela\u00e7\u00f5es do calor com os casos de Covid-19"},"content":{"rendered":"\n<p>Epidemiologista recomenda o uso de m\u00e1scaras feitas de polipropileno, para diminuir o calor e manter a seguran\u00e7a contra o v\u00edrus<\/p>\n\n\n\n<p>No \u00faltimo dia 21 de dezembro teve in\u00edcio o ver\u00e3o no Hemisf\u00e9rio Sul. No Brasil, a esta\u00e7\u00e3o \u00e9 marcada por altas temperaturas e chuvas, na maior parte do pa\u00eds. Mas em meio \u00e0 pandemia do novo coronav\u00edrus, ser\u00e1 que os term\u00f4metros elevados podem contribuir com o aumento de casos? Quem explica \u00e9 Mauro Sanchez, epidemiologista da Sala de Situa\u00e7\u00e3o em Sa\u00fade da Universidade de Bras\u00edlia.<\/p>\n\n\n\n<p>\u201cA influ\u00eancia da temperatura n\u00e3o \u00e9 direta em rela\u00e7\u00e3o ao v\u00edrus, mas \u00e9 relacionada a aglomera\u00e7\u00e3o das pessoas. V\u00edrus respirat\u00f3rios t\u00eam maior incid\u00eancia no inverno, porque com frio as pessoas aglomeram mais em ambientes fechados\u201d, explica.<\/p>\n\n\n\n<p>No entanto, o epidemiologista Mauro Sanchez tamb\u00e9m mostra preocupa\u00e7\u00e3o com o ver\u00e3o. \u201cA preocupa\u00e7\u00e3o com o ver\u00e3o \u00e9 que algumas podem come\u00e7ar a diminuir o uso de m\u00e1scara, porque incomoda, sua. Al\u00e9m de irem a aglomera\u00e7\u00f5es. Essa aglomera\u00e7\u00e3o sem a prote\u00e7\u00e3o devida pode facilitar a transmiss\u00e3o do v\u00edrus\u201d, destaca.<\/p>\n\n\n\n<p><strong><a href=\"https:\/\/brasil61.com\/noticias\/festas-de-fim-de-ano-exigem-cuidado-redobrado-na-pandemia-orienta-fiocruz-bras203098\">Festas de fim de ano exigem cuidado redobrado na pandemia, orienta Fiocruz<\/a><\/strong><\/p>\n\n\n\n<p><strong><a href=\"https:\/\/brasil61.com\/noticias\/ministerio-da-saude-confirma-segundo-caso-de-reinfeccao-da-covid-19-no-brasil-bras203095\">Minist\u00e9rio da Sa\u00fade confirma segundo caso de reinfec\u00e7\u00e3o da Covid-19 no Brasil<\/a><\/strong><\/p>\n\n\n\n<p><strong><a href=\"https:\/\/brasil61.com\/noticias\/ocupacao-de-leitos-covid-19-aumenta-nos-hospitais-brasileiros-bras203028\">Ocupa\u00e7\u00e3o de leitos Covid-19 aumenta nos hospitais brasileiros<\/a><\/strong><\/p>\n\n\n\n<p>Em 2021, o brasileiro pode esperar um ver\u00e3o quente e chuvoso. Segundo a meteorologista Nayane Araujo, do Instituto Nacional de Meteorologia, o fen\u00f4meno La Ni\u00f1a contribui para a previs\u00e3o de chuvas ligeiramente acima da m\u00e9dia, na maior parte do Pa\u00eds, com temperaturas elevadas.&nbsp;<\/p>\n\n\n\n<figure class=\"wp-block-image\"><img decoding=\"async\" src=\"\/\/s3-sa-east-1.amazonaws.com\/agencia-radio-arb\/3382\/content_previsao-tempo.png\" alt=\"Arte - Brasil 61\" title=\"Previs\u00e3o do ver\u00e3o - Arte: Brasil 61 - Fonte: Inmet\"\/><\/figure>\n\n\n\n<p>Com tanto calor, usar a m\u00e1scara ao sair de casa pode ser uma tarefa dif\u00edcil. O epidemiologista Mauro Sanchez d\u00e1 dicas de como escolher o tecido ideal.<\/p>\n\n\n\n<p>\u201cO material algod\u00e3o \u00e9 muito respir\u00e1vel, mas tem uma capacidade menor de filtra\u00e7\u00e3o. O ideal \u00e9 que se consiga equilibrar essa efici\u00eancia de filtra\u00e7\u00e3o com a capacidade de conseguir respirar com facilidade. Para isso, o ideal \u00e9 ter uma m\u00e1scara que use camadas de tecido \u2018n\u00e3o tecido\u2019, como o polipropileno\u201d, aconselha.<\/p>\n\n\n\n<p>Praias lotadas<\/p>\n\n\n\n<p>Victor Paulo Sant&#8217;Anna mora na cidade do Rio de Janeiro h\u00e1 28 anos e trabalha na capital como analista business. Ele conta que apesar do calor, o melhor \u00e9 se prevenir da Covid-19, ficando em casa.<\/p>\n\n\n\n<p>\u201cEst\u00e1 um calor absurdo aqui. Um solz\u00e3o l\u00e1 fora, que parece convidativo a ir para praia, mas \u2013 com essa nova onda do coronav\u00edrus, com hospitais lotados \u2013 recomendo a todo mundo que n\u00e3o saia de casa. Deixa para ir ano que vem, quando tivermos a vacina. \u00c9 sempre melhor prevenir do que remediar\u201d, comenta.<\/p>\n\n\n\n<p>No entanto, muitas pessoas se arriscam. Nos feriados e dias mais quentes de 2020, o litoral brasileiro esteve lotado de banhistas, mesmo durante o per\u00edodo mais cr\u00edtico da pandemia. Ethel Maciel, professora titular da Universidade Federal do Esp\u00edrito Santo, d\u00e1 dicas de preven\u00e7\u00e3o para aqueles que, mesmo assim, v\u00e3o se arriscar no litoral, nesse ver\u00e3o.<\/p>\n\n\n\n<p>\u201cUsar m\u00e1scara, ficar em distanciamento daquelas pessoas que n\u00e3o fazem parte do seu grupo familiar, e evitar consumir produtos vendidos na praia, por conta da dificuldade de fazer a limpeza. Se puder levar seus pr\u00f3prios produtos, voc\u00ea diminuiria o risco\u201d, aconselha.<\/p>\n\n\n\n<figure class=\"wp-block-image\"><img decoding=\"async\" src=\"\/\/s3-sa-east-1.amazonaws.com\/agencia-radio-arb\/3384\/content_covid-praia.png\" alt=\"Arte - Brasil 61\" title=\"Recomenda\u00e7\u00e3o dos especialistas - Arte: Brasil 61\"\/><\/figure>\n\n\n\n<p>A m\u00e9dica infectologista e consultora da Sociedade Brasileira de Infectologia, Sylvia Lemos Hinrichsen, tamb\u00e9m faz recomenda\u00e7\u00f5es para evitar o cont\u00e1gio pelo novo coronav\u00edrus.<\/p>\n\n\n\n<p>\u201c\u00c9 preciso que se pensem que o coronav\u00edrus ainda circula. Portanto, \u00e9 importante n\u00e3o aglomerar, usar m\u00e1scara, n\u00e3o usar a m\u00e3o suja para pegar na m\u00e1scara, higienizar as m\u00e3os e os ambientes, manter o distanciamento f\u00edsico entre as pessoas e seguir os protocolos\u201d, recomenda.<\/p>\n\n\n\n<p>Aumento da ocupa\u00e7\u00e3o de leitos Covid-19<\/p>\n\n\n\n<p>No in\u00edcio de dezembro, levantamento da <a href=\"https:\/\/agencia.fiocruz.br\/sites\/agencia.fiocruz.br\/files\/u35\/boletim_covid_semana_48-49_web.pdf\">Fiocruz<\/a> apresentou aumento da ocupa\u00e7\u00e3o de leitos reservados para pacientes com Covid-19. Segundo a pesquisa, oito capitais apresentaram taxas de ocupa\u00e7\u00e3o de leitos de UTI Covid-19, para adultos, acima de 80%: Macap\u00e1 (92,5%), Fortaleza (86,4%), Recife (83,3%), Vit\u00f3ria (84,9%), Rio de Janeiro (92%), Curitiba (92%), Florian\u00f3polis (90,4%) e Campo Grande (100%).<\/p>\n\n\n\n<p>Confira a seguir o v\u00eddeo completo com as dicas da infectologista Sylvia Lemos Hinrichsen.<\/p>\n\n\n\n<figure class=\"wp-block-embed is-type-rich is-provider-incorporar-manipulador wp-block-embed-incorporar-manipulador wp-embed-aspect-16-9 wp-has-aspect-ratio\"><div class=\"wp-block-embed__wrapper\">\n<iframe loading=\"lazy\" title=\"Sylvia Lemos Hinrichsen, M\u00e9dica infectologista e consultora da SBI.\" width=\"640\" height=\"360\" src=\"https:\/\/www.youtube.com\/embed\/FRc4bL2c3gQ?feature=oembed\" frameborder=\"0\" allow=\"accelerometer; autoplay; clipboard-write; encrypted-media; gyroscope; picture-in-picture; web-share\" referrerpolicy=\"strict-origin-when-cross-origin\" allowfullscreen><\/iframe>\n<\/div><\/figure>\n\n\n\n<p>Fonte: <a href=\"https:\/\/brasil61.com\/noticias\/verao-2021-entenda-as-relacoes-do-calor-com-os-casos-de-covid-19-bras203116?email=bethdeoliveira@yahoo.com.br&amp;utm_source=newsletter&amp;utm_medium=newsletter&amp;utm_campaign=newsletter\" target=\"_blank\" rel=\"noreferrer noopener\">Brasil 61<\/a><\/p>\n","protected":false},"excerpt":{"rendered":"<p>Epidemiologista recomenda o uso de m\u00e1scaras feitas de polipropileno, para diminuir o calor e manter<\/p>\n","protected":false},"author":2,"featured_media":8695,"comment_status":"open","ping_status":"open","sticky":false,"template":"","format":"standard","meta":{"footnotes":""},"categories":[17],"tags":[],"class_list":["post-8693","post","type-post","status-publish","format-standard","has-post-thumbnail","hentry","category-outras-noticias"],"_links":{"self":[{"href":"https:\/\/tvc16.com\/portal\/wp-json\/wp\/v2\/posts\/8693","targetHints":{"allow":["GET"]}}],"collection":[{"href":"https:\/\/tvc16.com\/portal\/wp-json\/wp\/v2\/posts"}],"about":[{"href":"https:\/\/tvc16.com\/portal\/wp-json\/wp\/v2\/types\/post"}],"author":[{"embeddable":true,"href":"https:\/\/tvc16.com\/portal\/wp-json\/wp\/v2\/users\/2"}],"replies":[{"embeddable":true,"href":"https:\/\/tvc16.com\/portal\/wp-json\/wp\/v2\/comments?post=8693"}],"version-history":[{"count":1,"href":"https:\/\/tvc16.com\/portal\/wp-json\/wp\/v2\/posts\/8693\/revisions"}],"predecessor-version":[{"id":8696,"href":"https:\/\/tvc16.com\/portal\/wp-json\/wp\/v2\/posts\/8693\/revisions\/8696"}],"wp:featuredmedia":[{"embeddable":true,"href":"https:\/\/tvc16.com\/portal\/wp-json\/wp\/v2\/media\/8695"}],"wp:attachment":[{"href":"https:\/\/tvc16.com\/portal\/wp-json\/wp\/v2\/media?parent=8693"}],"wp:term":[{"taxonomy":"category","embeddable":true,"href":"https:\/\/tvc16.com\/portal\/wp-json\/wp\/v2\/categories?post=8693"},{"taxonomy":"post_tag","embeddable":true,"href":"https:\/\/tvc16.com\/portal\/wp-json\/wp\/v2\/tags?post=8693"}],"curies":[{"name":"wp","href":"https:\/\/api.w.org\/{rel}","templated":true}]}}