{"id":8706,"date":"2020-12-24T10:05:08","date_gmt":"2020-12-24T13:05:08","guid":{"rendered":"https:\/\/tvc16.com\/portal\/?p=8706"},"modified":"2020-12-24T10:05:10","modified_gmt":"2020-12-24T13:05:10","slug":"caminhao-desgovernado-derruba-poste-e-transito-e-interditado-temporariamente-na-estrada-da-independencia","status":"publish","type":"post","link":"https:\/\/tvc16.com\/portal\/2020\/12\/24\/caminhao-desgovernado-derruba-poste-e-transito-e-interditado-temporariamente-na-estrada-da-independencia\/","title":{"rendered":"Caminh\u00e3o desgovernado derruba poste e tr\u00e2nsito \u00e9 interditado, temporariamente, na Estrada da Independ\u00eancia"},"content":{"rendered":"\n<p>Devido ao acidente,  o tr\u00e2nsito ficou congestionado na regi\u00e3o. Motoristas enfrentam dificuldades para acessar o bairro ou sair dele<\/p>\n\n\n\n<p>Nesta manh\u00e3, por volta das 8h40, um acidente na Estrada da Independ\u00eancia, na altura do n\u00famero 300, envolvendo um caminh\u00e3o derrubou um poste. Segundo testemunhas, o motorista perdeu o controle do ve\u00edculo. Ainda n\u00e3o se sabe a causa. N\u00e3o h\u00e1 v\u00edtimas fatais. Os bombeiros estiveram no local e isolaram a \u00e1rea, temporariamente, para evitar poss\u00edveis acidentes com ve\u00edculos e pedestres.<\/p>\n\n\n\n<p>Foto: Andr\u00e9 Lamela <\/p>\n","protected":false},"excerpt":{"rendered":"<p>Devido ao acidente, o tr\u00e2nsito ficou congestionado na regi\u00e3o. Motoristas enfrentam dificuldades para acessar o<\/p>\n","protected":false},"author":2,"featured_media":8709,"comment_status":"open","ping_status":"open","sticky":false,"template":"","format":"standard","meta":{"footnotes":""},"categories":[12],"tags":[],"class_list":["post-8706","post","type-post","status-publish","format-standard","has-post-thumbnail","hentry","category-cidade"],"_links":{"self":[{"href":"https:\/\/tvc16.com\/portal\/wp-json\/wp\/v2\/posts\/8706","targetHints":{"allow":["GET"]}}],"collection":[{"href":"https:\/\/tvc16.com\/portal\/wp-json\/wp\/v2\/posts"}],"about":[{"href":"https:\/\/tvc16.com\/portal\/wp-json\/wp\/v2\/types\/post"}],"author":[{"embeddable":true,"href":"https:\/\/tvc16.com\/portal\/wp-json\/wp\/v2\/users\/2"}],"replies":[{"embeddable":true,"href":"https:\/\/tvc16.com\/portal\/wp-json\/wp\/v2\/comments?post=8706"}],"version-history":[{"count":1,"href":"https:\/\/tvc16.com\/portal\/wp-json\/wp\/v2\/posts\/8706\/revisions"}],"predecessor-version":[{"id":8710,"href":"https:\/\/tvc16.com\/portal\/wp-json\/wp\/v2\/posts\/8706\/revisions\/8710"}],"wp:featuredmedia":[{"embeddable":true,"href":"https:\/\/tvc16.com\/portal\/wp-json\/wp\/v2\/media\/8709"}],"wp:attachment":[{"href":"https:\/\/tvc16.com\/portal\/wp-json\/wp\/v2\/media?parent=8706"}],"wp:term":[{"taxonomy":"category","embeddable":true,"href":"https:\/\/tvc16.com\/portal\/wp-json\/wp\/v2\/categories?post=8706"},{"taxonomy":"post_tag","embeddable":true,"href":"https:\/\/tvc16.com\/portal\/wp-json\/wp\/v2\/tags?post=8706"}],"curies":[{"name":"wp","href":"https:\/\/api.w.org\/{rel}","templated":true}]}}