{"id":871,"date":"2020-09-21T23:40:50","date_gmt":"2020-09-21T23:40:50","guid":{"rendered":"https:\/\/tvc16.com\/portal\/?p=871"},"modified":"2020-09-21T23:40:50","modified_gmt":"2020-09-21T23:40:50","slug":"mais-sete-pessoas-morrem-de-covid-19-em-petropolis","status":"publish","type":"post","link":"https:\/\/tvc16.com\/portal\/2020\/09\/21\/mais-sete-pessoas-morrem-de-covid-19-em-petropolis\/","title":{"rendered":"Mais sete pessoas morrem de Covid-19 em Petr\u00f3polis"},"content":{"rendered":"\n<p>Petr\u00f3polis chegou a 208 mortes causadas pelo novo coronav\u00edrus nesta segunda-feira (21). De acordo com o boletim epidemiol\u00f3gico, foram registradas no sistema, nas \u00faltimas 24h, mais sete \u00f3bitos relacionados a doen\u00e7a. O n\u00famero de infectados na cidade teve aumento de 60 registros, totalizando 6.446 infectados.<\/p>\n\n\n\n<p>Os pacientes com \u00f3bitos confirmados s\u00e3o:<\/p>\n\n\n\n<p>\u2022Mulher, de 71 anos, moradora do Centro. Ela foi internada no dia 3 de setembro no Hospital Cl\u00ednico de Corr\u00eaas (HCC) e faleceu na \u00faltima ter\u00e7a-feira (15). Ela tinha diabetes.<\/p>\n\n\n\n<p>\u2022 Mulher, de 82 anos, moradora de Nogueira. Ela foi internada no dia 20 de agosto no Hospital Cl\u00ednico de Corr\u00eaas (HCC) e faleceu na \u00faltima segunda-feira\u00a0 (14). Ela tinha doen\u00e7a card\u00edaca.<\/p>\n\n\n\n<p>\u2022 Homem, de 85 anos, morador do bairro da Gl\u00f3ria. Ele foi internado no dia 13 de setembro na Unidade de Pronto Atendimento (UPA) de Itaipava e faleceu na quinta-feira (17). Ele tinha diabetes, sofreu um infarto agudo do mioc\u00e1rdio e era ex-fumante.<\/p>\n\n\n\n<p>\u2022 Homem, de 92 anos, morador de Itaipava. Ele foi internado no dia 13 de agosto no Hospital Santa Teresa (HST) e faleceu na quarta-feira (16). Ele tinha doen\u00e7a renal cr\u00f4nica.<\/p>\n\n\n\n<p>\u2022 Homem, de 49 anos, morador do Alto da Serra. Ele foi internado no dia 25 de agosto no Hospital Alcides Carneiro (HAC) e faleceu na quarta-feira (16). Ele tinha esquizofrenia.<\/p>\n\n\n\n<p>\u2022 Homem, de 78 anos, morador de Madame Machado. Ele foi internado no dia 31 de agosto no Hospital Alcides Carneiro (HAC) e faleceu na quarta-feira (16). O paciente tinha diabetes, doen\u00e7a cardiovascular cr\u00f4nica e doen\u00e7a renal cr\u00f4nica.<\/p>\n\n\n\n<p>\u2022Mulher, de 70 anos, moradora de Corr\u00eaas. Ela foi internada no dia 24 de agosto no Hospital SMH e faleceu na quinta-feira (17). Ela tinha hipertens\u00e3o arterial.<\/p>\n\n\n\n<p>De acordo com o boletim, at\u00e9 o momento foram realizados 56.358 testes na cidade. Desses, 49.513 resultaram negativos, 6.446 positivos e 399 est\u00e3o em an\u00e1lise, entre PCR e testes r\u00e1pidos. H\u00e1 75 pacientes internados na cidade, podendo ser casos positivos ou em investiga\u00e7\u00e3o esperando o resultado do teste.\u00a0<\/p>\n\n\n\n<p>O dados mostram, ainda,\u00a0 2.439 pessoas se recuperaram do coronav\u00edrus. Esse n\u00famero se refere \u00e0s pessoas que estiveram internadas nas unidades hospitalares da cidade ou que se mantiveram em isolamento domiciliar e que, hoje, n\u00e3o apresentam mais os principais sintomas da doen\u00e7a.<\/p>\n\n\n\n<p>Nesta segunda-feira,\u00a0 o munic\u00edpio contabilizou pelo SUS 25,93% dos leitos cl\u00ednicos e 39,39% de UTI ocupados com pacientes infectados com coronav\u00edrus.<\/p>\n","protected":false},"excerpt":{"rendered":"<p>Petr\u00f3polis chegou a 208 mortes causadas pelo novo coronav\u00edrus nesta segunda-feira (21). De acordo com<\/p>\n","protected":false},"author":2,"featured_media":872,"comment_status":"open","ping_status":"open","sticky":false,"template":"","format":"standard","meta":{"footnotes":""},"categories":[12],"tags":[],"class_list":["post-871","post","type-post","status-publish","format-standard","has-post-thumbnail","hentry","category-cidade"],"_links":{"self":[{"href":"https:\/\/tvc16.com\/portal\/wp-json\/wp\/v2\/posts\/871","targetHints":{"allow":["GET"]}}],"collection":[{"href":"https:\/\/tvc16.com\/portal\/wp-json\/wp\/v2\/posts"}],"about":[{"href":"https:\/\/tvc16.com\/portal\/wp-json\/wp\/v2\/types\/post"}],"author":[{"embeddable":true,"href":"https:\/\/tvc16.com\/portal\/wp-json\/wp\/v2\/users\/2"}],"replies":[{"embeddable":true,"href":"https:\/\/tvc16.com\/portal\/wp-json\/wp\/v2\/comments?post=871"}],"version-history":[{"count":1,"href":"https:\/\/tvc16.com\/portal\/wp-json\/wp\/v2\/posts\/871\/revisions"}],"predecessor-version":[{"id":873,"href":"https:\/\/tvc16.com\/portal\/wp-json\/wp\/v2\/posts\/871\/revisions\/873"}],"wp:featuredmedia":[{"embeddable":true,"href":"https:\/\/tvc16.com\/portal\/wp-json\/wp\/v2\/media\/872"}],"wp:attachment":[{"href":"https:\/\/tvc16.com\/portal\/wp-json\/wp\/v2\/media?parent=871"}],"wp:term":[{"taxonomy":"category","embeddable":true,"href":"https:\/\/tvc16.com\/portal\/wp-json\/wp\/v2\/categories?post=871"},{"taxonomy":"post_tag","embeddable":true,"href":"https:\/\/tvc16.com\/portal\/wp-json\/wp\/v2\/tags?post=871"}],"curies":[{"name":"wp","href":"https:\/\/api.w.org\/{rel}","templated":true}]}}