{"id":8722,"date":"2020-12-24T13:36:04","date_gmt":"2020-12-24T16:36:04","guid":{"rendered":"https:\/\/tvc16.com\/portal\/?p=8722"},"modified":"2020-12-24T13:36:07","modified_gmt":"2020-12-24T16:36:07","slug":"mapa-aponta-estado-do-rio-como-de-risco-alto-para-a-covid-19","status":"publish","type":"post","link":"https:\/\/tvc16.com\/portal\/2020\/12\/24\/mapa-aponta-estado-do-rio-como-de-risco-alto-para-a-covid-19\/","title":{"rendered":"Mapa aponta estado do Rio como de risco alto para a covid-19"},"content":{"rendered":"\n<h2 class=\"wp-block-heading\">Cinco das nove regi\u00f5es do estado est\u00e3o em bandeira vermelha<\/h2>\n\n\n\n<p>O&nbsp;estado do Rio entrou na zona de alto risco (bandeira vermelha) na classifica\u00e7\u00e3o de risco para covid-19 elaborada pela Secretaria de Sa\u00fade. \u00c9 a primeira vez que isso acontece desde que o governo do estado come\u00e7ou a fazer o monitoramento por meio do Mapa de Risco da Covid-19, em julho.<img decoding=\"async\" src=\"https:\/\/agenciabrasil.ebc.com.br\/ebc.png?id=1397265&amp;o=node\"><img decoding=\"async\" src=\"https:\/\/agenciabrasil.ebc.com.br\/ebc.gif?id=1397265&amp;o=node\"><\/p>\n\n\n\n<p>Das nove regi\u00f5es do estado, cinco est\u00e3o classificadas com bandeira vermelha: Metropolitana I, Ba\u00eda da Ilha Grande, Serrana, Norte e Noroeste, que concentram 75,58% da popula\u00e7\u00e3o fluminense.<\/p>\n\n\n\n<p>A 12\u00aa atualiza\u00e7\u00e3o do Mapa de Risco da Covid-19 indica que as outras regi\u00f5es (M\u00e9dio Para\u00edba, Centro Sul, Baixada Litor\u00e2nea e Metropolitana II) est\u00e3o classificadas em bandeira laranja, o que significa risco moderado para a covid-19. A an\u00e1lise compara as semanas epidemiol\u00f3gicas 49 (de 29 de novembro a 5 de dezembro) e&nbsp;47 (de 15 a 21 de novembro).<\/p>\n\n\n\n<p>De acordo com a Secretaria de Sa\u00fade, cada bandeira representa um n\u00edvel de risco e um respectivo conjunto de recomenda\u00e7\u00f5es de isolamento social que variam entre as cores roxa (risco muito alto), vermelha (risco alto), laranja (risco moderado), amarela (risco baixo) e verde (risco muito baixo).<\/p>\n\n\n\n<figure class=\"wp-block-image\"><img decoding=\"async\" src=\"https:\/\/imagens.ebc.com.br\/v-LTfK5Lj1orlNf_GpVQ7i1rxBk=\/754x0\/smart\/https:\/\/agenciabrasil.ebc.com.br\/sites\/default\/files\/thumbnails\/image\/12_23_2020_painel_indicadores_covid_site-768x485.png?itok=o_G8GKZR\" alt=\"Mapa de risco de covid-19 no estado do Rio de Janeiro\" title=\"Divulga\u00e7\u00e3o\/Secretaria de Estado de Sa\u00fade do Rio de Janeiro\"\/><\/figure>\n\n\n\n<h6 class=\"wp-block-heading\"><strong>Divulga\u00e7\u00e3o\/Secretaria de Estado de Sa\u00fade do Rio de Janeiro<\/strong><\/h6>\n\n\n\n<p>A Secretaria de Estado de Sa\u00fade destaca que o Rio&nbsp;de Janeiro&nbsp;apresentou um expressivo aumento no n\u00famero de interna\u00e7\u00f5es e de \u00f3bitos ao longo das semanas epidemiol\u00f3gicas 47 e 49, relativas ao per\u00edodo de&nbsp;15 de novembro&nbsp;a&nbsp;5 de dezembro. \u201cEntre essas semanas a m\u00e9dia de interna\u00e7\u00f5es registradas foi de 2.500 e 507 \u00f3bitos. As taxas de ocupa\u00e7\u00e3o de leitos de UTI tamb\u00e9m indicam um agravamento do cen\u00e1rio\u201d, apontou.<\/p>\n\n\n\n<h2 class=\"wp-block-heading\">Taxa de ocupa\u00e7\u00e3o<\/h2>\n\n\n\n<p>A taxa de ocupa\u00e7\u00e3o de leitos chegou a 77% na UTI e 69% nas enfermarias, com tend\u00eancia de aumento a partir de 1\u00ba de novembro. H\u00e1, entretanto, diferen\u00e7as entre as regi\u00f5es: a Ba\u00eda de Ilha Grande e o Noroeste Fluminense estavam com mais de 80% de taxa de ocupa\u00e7\u00e3o. Nas regi\u00f5es Noroeste e Metropolitana I houve redu\u00e7\u00e3o da taxa de ocupa\u00e7\u00e3o comparado com a semana anterior de apura\u00e7\u00e3o.<\/p>\n\n\n\n<p>Na capital, a Secretaria Municipal de Sa\u00fade (SMS) informou que a taxa de ocupa\u00e7\u00e3o de leitos de UTI para covid-19 na rede do Sistema \u00danico de Sa\u00fade (SUS), que inclui leitos de unidades municipais, estaduais e federais, \u00e9 de 90%. A ocupa\u00e7\u00e3o nos leitos de enfermaria atingiu 83%. Segundo a SMS, a rede municipal possui 923 leitos para covid-19, deste total, 293 s\u00e3o leitos de UTI.<\/p>\n\n\n\n<h2 class=\"wp-block-heading\">Hospitaliza\u00e7\u00f5es<\/h2>\n\n\n\n<p>As unidades da rede municipal est\u00e3o com 649 pacientes internados, sendo 277 em UTI. Na rede SUS na capital h\u00e1 1.394 pessoas internadas em leitos especializados, sendo 627 em UTI. Conforme a \u00faltima atualiza\u00e7\u00e3o, 227 pessoas aguardam transfer\u00eancia para leitos na capital e na Baixada Fluminense, sendo 125 para leitos de UTI covid.<\/p>\n\n\n\n<p>\u201cAs pessoas que aguardam leitos de UTI est\u00e3o sendo assistidas em leitos de unidades, com monitores e respiradores\u201d, informou a secretaria.<\/p>\n\n\n\n<p>Por Cristina Indio do Brasil \u2013 Rep\u00f3rter da Ag\u00eancia Brasil &#8211; Rio de Janeiro<\/p>\n\n\n\n<p>Edi\u00e7\u00e3o: L\u00edlian Beraldo<\/p>\n","protected":false},"excerpt":{"rendered":"<p>Cinco das nove regi\u00f5es do estado est\u00e3o em bandeira vermelha O&nbsp;estado do Rio entrou na<\/p>\n","protected":false},"author":2,"featured_media":8727,"comment_status":"open","ping_status":"open","sticky":false,"template":"","format":"standard","meta":{"footnotes":""},"categories":[17],"tags":[],"class_list":["post-8722","post","type-post","status-publish","format-standard","has-post-thumbnail","hentry","category-outras-noticias"],"_links":{"self":[{"href":"https:\/\/tvc16.com\/portal\/wp-json\/wp\/v2\/posts\/8722","targetHints":{"allow":["GET"]}}],"collection":[{"href":"https:\/\/tvc16.com\/portal\/wp-json\/wp\/v2\/posts"}],"about":[{"href":"https:\/\/tvc16.com\/portal\/wp-json\/wp\/v2\/types\/post"}],"author":[{"embeddable":true,"href":"https:\/\/tvc16.com\/portal\/wp-json\/wp\/v2\/users\/2"}],"replies":[{"embeddable":true,"href":"https:\/\/tvc16.com\/portal\/wp-json\/wp\/v2\/comments?post=8722"}],"version-history":[{"count":1,"href":"https:\/\/tvc16.com\/portal\/wp-json\/wp\/v2\/posts\/8722\/revisions"}],"predecessor-version":[{"id":8728,"href":"https:\/\/tvc16.com\/portal\/wp-json\/wp\/v2\/posts\/8722\/revisions\/8728"}],"wp:featuredmedia":[{"embeddable":true,"href":"https:\/\/tvc16.com\/portal\/wp-json\/wp\/v2\/media\/8727"}],"wp:attachment":[{"href":"https:\/\/tvc16.com\/portal\/wp-json\/wp\/v2\/media?parent=8722"}],"wp:term":[{"taxonomy":"category","embeddable":true,"href":"https:\/\/tvc16.com\/portal\/wp-json\/wp\/v2\/categories?post=8722"},{"taxonomy":"post_tag","embeddable":true,"href":"https:\/\/tvc16.com\/portal\/wp-json\/wp\/v2\/tags?post=8722"}],"curies":[{"name":"wp","href":"https:\/\/api.w.org\/{rel}","templated":true}]}}