{"id":8723,"date":"2020-12-24T12:40:05","date_gmt":"2020-12-24T15:40:05","guid":{"rendered":"https:\/\/tvc16.com\/portal\/?p=8723"},"modified":"2020-12-24T12:40:07","modified_gmt":"2020-12-24T15:40:07","slug":"governador-em-exercicio-visita-areas-atingidas-pelas-chuvas-em-duque-de-caxias-cartao-recomecar-sera-disponibilizado-as-familias-para-a-compra-de-eletrodomesticos","status":"publish","type":"post","link":"https:\/\/tvc16.com\/portal\/2020\/12\/24\/governador-em-exercicio-visita-areas-atingidas-pelas-chuvas-em-duque-de-caxias-cartao-recomecar-sera-disponibilizado-as-familias-para-a-compra-de-eletrodomesticos\/","title":{"rendered":"Governador em exerc\u00edcio visita \u00e1reas atingidas pelas chuvas em Duque de Caxias. Cart\u00e3o Recome\u00e7ar, ser\u00e1 disponibilizado \u00e0s fam\u00edlias para a compra de eletrodom\u00e9sticos"},"content":{"rendered":"\n<p>O governador em exerc\u00edcio Cl\u00e1udio Castro esteve, nesta quinta-feira (24), em Duque de Caxias, na Baixada Fluminense, uma das regi\u00f5es mais atingidas pelas fortes chuvas dos \u00faltimos dias. Castro anunciou que as fam\u00edlias v\u00edtimas da enxurrada ter\u00e3o direito ao Cart\u00e3o Recome\u00e7ar para a compra de novos eletrodom\u00e9sticos. O Governo do Estado j\u00e1 providenciou, de forma emergencial, kits de higiene e limpeza, al\u00e9m de mantimentos e colch\u00f5es. Ao lado do prefeito de Caxias, Washington Reis, e dos secret\u00e1rios de Desenvolvimento Social e Direito Humanos, Bruno Dauaire, e de Defesa Civil, coronel Leandro Monteiro, o governador visitou as localidades Santo Ant\u00f4nio da Serra, Carreteiro, Barreiro, Vila Canaan e Jardim Ol\u00edmpio.<\/p>\n\n\n\n<figure class=\"wp-block-image size-large\"><img loading=\"lazy\" decoding=\"async\" width=\"1024\" height=\"670\" src=\"https:\/\/tvc16.com\/portal\/wp-content\/uploads\/2020\/12\/20201224_123743-1024x670.jpg\" alt=\"\" class=\"wp-image-8724\" srcset=\"https:\/\/tvc16.com\/portal\/wp-content\/uploads\/2020\/12\/20201224_123743-1024x670.jpg 1024w, https:\/\/tvc16.com\/portal\/wp-content\/uploads\/2020\/12\/20201224_123743-300x196.jpg 300w, https:\/\/tvc16.com\/portal\/wp-content\/uploads\/2020\/12\/20201224_123743-768x502.jpg 768w, https:\/\/tvc16.com\/portal\/wp-content\/uploads\/2020\/12\/20201224_123743-370x241.jpg 370w, https:\/\/tvc16.com\/portal\/wp-content\/uploads\/2020\/12\/20201224_123743.jpg 1044w\" sizes=\"auto, (max-width: 1024px) 100vw, 1024px\" \/><\/figure>\n\n\n\n<p>&#8211; Vamos providenciar 150 cart\u00f5es Recome\u00e7ar. Os valores variam de R$ 2 a R$ 5 mil para que essas fam\u00edlias possam comprar os itens que foram destru\u00eddos em virtude das fortes chuvas. A Secretaria de Estado de Desenvolvimento Social vai trabalhar junto com a Prefeitura de Caxias para cadastrar as fam\u00edlias o mais r\u00e1pido poss\u00edvel. Fizemos quest\u00e3o de vir hoje, um dia sens\u00edvel e v\u00e9spera de Natal e, mais cedo, o Estado j\u00e1 enviou kits de limpeza e alimenta\u00e7\u00e3o para as v\u00edtimas &#8211; disse Cl\u00e1udio Castro.<\/p>\n\n\n\n<p>A Secretaria de Estado de Defesa Civil atua na regi\u00e3o, desde ter\u00e7a-feira (22\/12), com agentes que orientam e apoiam as a\u00e7\u00f5es do munic\u00edpio. A Defesa Civil estadual segue monitorando as condi\u00e7\u00f5es meteorol\u00f3gicas e os n\u00edveis pluviom\u00e9tricos, enviando alertas para a regi\u00e3o.<\/p>\n\n\n\n<p>Ainda hoje a Prefeitura de Caxias vai decretar estado de calamidade p\u00fablica. Ao todo, segundo a Secretaria Municipal de Assist\u00eancia Social de Caxias, 152 fam\u00edlias foram atingidas, entre desabrigadas e desalojadas. Tr\u00eas pontos de apoio foram instalados para acolher a popula\u00e7\u00e3o em vulnerabilidade: um no bairro Santo Ant\u00f4nio, um em Xer\u00e9m e outro em Carreteiro. Maquin\u00e1rios tamb\u00e9m est\u00e3o nas ruas realizando a limpeza de rios e retirando a lama acumulada.<\/p>\n\n\n\n<p>&#8211; Ontem, j\u00e1 foram retirados caminh\u00f5es com entulhos, porque os moradores n\u00e3o conseguiam transitar pelas ruas. Hoje, a limpeza ser\u00e1 total nas regi\u00f5es afetadas. Temos quatro fam\u00edlias que perderam suas casas ou tiveram as resid\u00eancias condenadas pela Defesa Civil e, por isso, ficaram desabrigadas. A Prefeitura de Caxias vai adquirir apartamentos do Minha Casa Minha Vida. E, com a parceria do Governo do Estado, estas fam\u00edlias v\u00e3o tamb\u00e9m ser beneficiadas pelo Cart\u00e3o Recome\u00e7ar &#8211; ressaltou o prefeito Washington Reis.<\/p>\n\n\n\n<p><strong>Integra\u00e7\u00e3o<\/strong><\/p>\n\n\n\n<p>O governador em exerc\u00edcio destacou, ainda, a integra\u00e7\u00e3o entre o Estado e os munic\u00edpios, um dos pontos centrais do rec\u00e9m-lan\u00e7ado Plano de Contig\u00eancia de Chuvas.<\/p>\n\n\n\n<p>&#8211; Criamos, esse ano, o Plano Estadual de Contig\u00eancia de Chuvas. Por isso, estou aqui com os secret\u00e1rios de Defesa Civil e de Desenvolvimento Social, e as equipes j\u00e1 est\u00e3o trabalhando para tentar minimizar o impacto para a popula\u00e7\u00e3o &#8211; explicou Castro.<\/p>\n","protected":false},"excerpt":{"rendered":"<p>O governador em exerc\u00edcio Cl\u00e1udio Castro esteve, nesta quinta-feira (24), em Duque de Caxias, na<\/p>\n","protected":false},"author":2,"featured_media":8725,"comment_status":"open","ping_status":"open","sticky":false,"template":"","format":"standard","meta":{"footnotes":""},"categories":[17],"tags":[],"class_list":["post-8723","post","type-post","status-publish","format-standard","has-post-thumbnail","hentry","category-outras-noticias"],"_links":{"self":[{"href":"https:\/\/tvc16.com\/portal\/wp-json\/wp\/v2\/posts\/8723","targetHints":{"allow":["GET"]}}],"collection":[{"href":"https:\/\/tvc16.com\/portal\/wp-json\/wp\/v2\/posts"}],"about":[{"href":"https:\/\/tvc16.com\/portal\/wp-json\/wp\/v2\/types\/post"}],"author":[{"embeddable":true,"href":"https:\/\/tvc16.com\/portal\/wp-json\/wp\/v2\/users\/2"}],"replies":[{"embeddable":true,"href":"https:\/\/tvc16.com\/portal\/wp-json\/wp\/v2\/comments?post=8723"}],"version-history":[{"count":1,"href":"https:\/\/tvc16.com\/portal\/wp-json\/wp\/v2\/posts\/8723\/revisions"}],"predecessor-version":[{"id":8726,"href":"https:\/\/tvc16.com\/portal\/wp-json\/wp\/v2\/posts\/8723\/revisions\/8726"}],"wp:featuredmedia":[{"embeddable":true,"href":"https:\/\/tvc16.com\/portal\/wp-json\/wp\/v2\/media\/8725"}],"wp:attachment":[{"href":"https:\/\/tvc16.com\/portal\/wp-json\/wp\/v2\/media?parent=8723"}],"wp:term":[{"taxonomy":"category","embeddable":true,"href":"https:\/\/tvc16.com\/portal\/wp-json\/wp\/v2\/categories?post=8723"},{"taxonomy":"post_tag","embeddable":true,"href":"https:\/\/tvc16.com\/portal\/wp-json\/wp\/v2\/tags?post=8723"}],"curies":[{"name":"wp","href":"https:\/\/api.w.org\/{rel}","templated":true}]}}