{"id":8730,"date":"2020-12-24T16:24:47","date_gmt":"2020-12-24T19:24:47","guid":{"rendered":"https:\/\/tvc16.com\/portal\/?p=8730"},"modified":"2020-12-24T16:24:49","modified_gmt":"2020-12-24T19:24:49","slug":"governo-do-estado-vai-oferecer-2-mil-refeicoes-natalinas-para-pessoas-em-situacao-de-vulnerabilidade","status":"publish","type":"post","link":"https:\/\/tvc16.com\/portal\/2020\/12\/24\/governo-do-estado-vai-oferecer-2-mil-refeicoes-natalinas-para-pessoas-em-situacao-de-vulnerabilidade\/","title":{"rendered":"Governo do Estado vai oferecer 2 mil refei\u00e7\u00f5es natalinas para pessoas em situa\u00e7\u00e3o de vulnerabilidade"},"content":{"rendered":"\n<p><br>O Governo do Estado do Rio de Janeiro, atrav\u00e9s da Secretaria de Desenvolvimento Social e Direitos Humanos, realiza nesta quinta-feira (24) um jantar natalino para os beneficiados do programa RJ Alimenta. As refei\u00e7\u00f5es &#8211; que incluem lombinho su\u00edno e salpic\u00e3o, al\u00e9m de rabanadas &#8211; ser\u00e3o distribu\u00eddas nas \u00e1reas externas dos restaurantes populares de Duque de Caxias e de Nova Igua\u00e7u. Na Central do Brasil, em parceria com a SuperVia, ser\u00e1 disponibilizado um espa\u00e7o com mesas e cadeiras para a ceia, respeitando todos os protocolos de seguran\u00e7a sanit\u00e1ria para combate \u00e0 Covid-19, com distribui\u00e7\u00e3o de m\u00e1scaras e \u00e1lcool gel, al\u00e9m do distanciamento social.<\/p>\n\n\n\n<p>&#8211; O programa RJ Alimenta j\u00e1 distribuiu mais de 250 mil refei\u00e7\u00f5es&nbsp;&#8211; entre caf\u00e9 da manh\u00e3, almo\u00e7o e jantar &#8211;&nbsp;para pessoas em situa\u00e7\u00e3o de vulnerabilidade em 40 dias. Oferecer este jantar, na v\u00e9spera de Natal, \u00e9 muito importante &#8211; afirmou o secret\u00e1rio&nbsp;de Desenvolvimento Social e Direitos Humanos, Bruno Dauaire.<br>O projeto RJ Alimenta \u00e9 um programa emergencial voltado para a popula\u00e7\u00e3o que se encontra em situa\u00e7\u00e3o de vulnerabilidade. A a\u00e7\u00e3o visa resguardar uma das parcelas da popula\u00e7\u00e3o que mais sofreu com os impactos da pandemia. A distribui\u00e7\u00e3o das refei\u00e7\u00f5es acontece em tr\u00eas pontos diferentes: Central do Brasil, na capital, Nova Igua\u00e7u e Duque de Caxias, na Baixada Fluminense.&nbsp;O projeto j\u00e1 distribuiu mais de 196 toneladas de alimentos.&nbsp;<\/p>\n\n\n\n<p><strong>Servi\u00e7o<br><\/strong><br><strong>Data<\/strong>: 24\/12<\/p>\n\n\n\n<p><strong>Hor\u00e1rio<\/strong>: 17h<br><strong>Endere\u00e7os:<\/strong><\/p>\n\n\n\n<p><strong>Restaurante Cidad\u00e3o Madre Tereza de Calcut\u00e1 &#8211; Nova Igua\u00e7u<br><\/strong>&nbsp; &nbsp; &nbsp; &nbsp; &nbsp; &nbsp; &nbsp; &nbsp; &nbsp; &nbsp; &nbsp; &nbsp; &nbsp; &nbsp; &nbsp; &nbsp; &nbsp; &nbsp; &nbsp; &nbsp; &nbsp; &nbsp; &nbsp; &nbsp; &nbsp; &nbsp; &nbsp; &nbsp; &nbsp; &nbsp; &nbsp; &nbsp; &nbsp; &nbsp; &nbsp; &nbsp; &nbsp; &nbsp; &nbsp; &nbsp; &nbsp; &nbsp; &nbsp;Av. Governador Roberto da Silveira, 950 &#8211; Centro &#8211; Nova Igua\u00e7u<\/p>\n\n\n\n<p><strong>Restaurante Cidad\u00e3o D. Helder C\u00e2mara &#8211; Duque de Caxias \u00a0<br><\/strong><br>Rua Frei Fid\u00e9lis &#8211; Centro \u2013 Caxias<br><br><strong>Central do Brasil<\/strong>Pra\u00e7a Cristiano Ottoni &#8211;\u00a0subsolo<\/p>\n\n\n\n<p>Foto meramente ilustrativa <\/p>\n","protected":false},"excerpt":{"rendered":"<p>O Governo do Estado do Rio de Janeiro, atrav\u00e9s da Secretaria de Desenvolvimento Social e<\/p>\n","protected":false},"author":2,"featured_media":8731,"comment_status":"open","ping_status":"open","sticky":false,"template":"","format":"standard","meta":{"footnotes":""},"categories":[17],"tags":[],"class_list":["post-8730","post","type-post","status-publish","format-standard","has-post-thumbnail","hentry","category-outras-noticias"],"_links":{"self":[{"href":"https:\/\/tvc16.com\/portal\/wp-json\/wp\/v2\/posts\/8730","targetHints":{"allow":["GET"]}}],"collection":[{"href":"https:\/\/tvc16.com\/portal\/wp-json\/wp\/v2\/posts"}],"about":[{"href":"https:\/\/tvc16.com\/portal\/wp-json\/wp\/v2\/types\/post"}],"author":[{"embeddable":true,"href":"https:\/\/tvc16.com\/portal\/wp-json\/wp\/v2\/users\/2"}],"replies":[{"embeddable":true,"href":"https:\/\/tvc16.com\/portal\/wp-json\/wp\/v2\/comments?post=8730"}],"version-history":[{"count":1,"href":"https:\/\/tvc16.com\/portal\/wp-json\/wp\/v2\/posts\/8730\/revisions"}],"predecessor-version":[{"id":8732,"href":"https:\/\/tvc16.com\/portal\/wp-json\/wp\/v2\/posts\/8730\/revisions\/8732"}],"wp:featuredmedia":[{"embeddable":true,"href":"https:\/\/tvc16.com\/portal\/wp-json\/wp\/v2\/media\/8731"}],"wp:attachment":[{"href":"https:\/\/tvc16.com\/portal\/wp-json\/wp\/v2\/media?parent=8730"}],"wp:term":[{"taxonomy":"category","embeddable":true,"href":"https:\/\/tvc16.com\/portal\/wp-json\/wp\/v2\/categories?post=8730"},{"taxonomy":"post_tag","embeddable":true,"href":"https:\/\/tvc16.com\/portal\/wp-json\/wp\/v2\/tags?post=8730"}],"curies":[{"name":"wp","href":"https:\/\/api.w.org\/{rel}","templated":true}]}}