{"id":8733,"date":"2020-12-24T16:43:08","date_gmt":"2020-12-24T19:43:08","guid":{"rendered":"https:\/\/tvc16.com\/portal\/?p=8733"},"modified":"2020-12-24T16:48:47","modified_gmt":"2020-12-24T19:48:47","slug":"bares-e-templos-podem-reabrir-em-petropolis-a-pgm-entrou-com-liminar-que-foi-acatada-pela-justica-federal","status":"publish","type":"post","link":"https:\/\/tvc16.com\/portal\/2020\/12\/24\/bares-e-templos-podem-reabrir-em-petropolis-a-pgm-entrou-com-liminar-que-foi-acatada-pela-justica-federal\/","title":{"rendered":"Bares e templos podem reabrir em Petr\u00f3polis. A PGM entrou com Liminar que foi acatada pela Justi\u00e7a Federal"},"content":{"rendered":"\n<p>A prefeitura informa que, com a liminar obtida no in\u00edcio desta tarde pela Procuradoria Geral do Munic\u00edpio, est\u00e1 autorizada a abertura de bares, cong\u00eaneres e templos religiosos na cidade. <\/p>\n\n\n\n<p>A prefeitura deixa claro, ainda, que vai continuar trabalhando para que a cidade siga protegida. Todas as medidas intensificadas permanecer\u00e3o vigentes, como carros de som alertando a popula\u00e7\u00e3o em ruas e bairros da cidade, a\u00e7\u00f5es de desinfec\u00e7\u00e3o de ruas e locais p\u00fablicos em todos os pontos de grande circula\u00e7\u00e3o de pessoas no munic\u00edpio e rigorosa desinfec\u00e7\u00e3o de \u00f4nibus nas garagens. Al\u00e9m disso, o munic\u00edpio ampliou leitos em suas unidades hospitalares e intensificou o trabalho das barreiras sanit\u00e1rias nas entradas da cidade.<\/p>\n\n\n\n<div class=\"wp-block-image\"><figure class=\"aligncenter size-large\"><img loading=\"lazy\" decoding=\"async\" width=\"259\" height=\"194\" src=\"https:\/\/tvc16.com\/portal\/wp-content\/uploads\/2020\/12\/images-2-7.jpeg\" alt=\"\" class=\"wp-image-8738\" srcset=\"https:\/\/tvc16.com\/portal\/wp-content\/uploads\/2020\/12\/images-2-7.jpeg 259w, https:\/\/tvc16.com\/portal\/wp-content\/uploads\/2020\/12\/images-2-7-200x150.jpeg 200w\" sizes=\"auto, (max-width: 259px) 100vw, 259px\" \/><\/figure><\/div>\n","protected":false},"excerpt":{"rendered":"<p>A prefeitura informa que, com a liminar obtida no in\u00edcio desta tarde pela Procuradoria Geral<\/p>\n","protected":false},"author":2,"featured_media":8741,"comment_status":"open","ping_status":"open","sticky":false,"template":"","format":"standard","meta":{"footnotes":""},"categories":[12],"tags":[],"class_list":["post-8733","post","type-post","status-publish","format-standard","has-post-thumbnail","hentry","category-cidade"],"_links":{"self":[{"href":"https:\/\/tvc16.com\/portal\/wp-json\/wp\/v2\/posts\/8733","targetHints":{"allow":["GET"]}}],"collection":[{"href":"https:\/\/tvc16.com\/portal\/wp-json\/wp\/v2\/posts"}],"about":[{"href":"https:\/\/tvc16.com\/portal\/wp-json\/wp\/v2\/types\/post"}],"author":[{"embeddable":true,"href":"https:\/\/tvc16.com\/portal\/wp-json\/wp\/v2\/users\/2"}],"replies":[{"embeddable":true,"href":"https:\/\/tvc16.com\/portal\/wp-json\/wp\/v2\/comments?post=8733"}],"version-history":[{"count":2,"href":"https:\/\/tvc16.com\/portal\/wp-json\/wp\/v2\/posts\/8733\/revisions"}],"predecessor-version":[{"id":8739,"href":"https:\/\/tvc16.com\/portal\/wp-json\/wp\/v2\/posts\/8733\/revisions\/8739"}],"wp:featuredmedia":[{"embeddable":true,"href":"https:\/\/tvc16.com\/portal\/wp-json\/wp\/v2\/media\/8741"}],"wp:attachment":[{"href":"https:\/\/tvc16.com\/portal\/wp-json\/wp\/v2\/media?parent=8733"}],"wp:term":[{"taxonomy":"category","embeddable":true,"href":"https:\/\/tvc16.com\/portal\/wp-json\/wp\/v2\/categories?post=8733"},{"taxonomy":"post_tag","embeddable":true,"href":"https:\/\/tvc16.com\/portal\/wp-json\/wp\/v2\/tags?post=8733"}],"curies":[{"name":"wp","href":"https:\/\/api.w.org\/{rel}","templated":true}]}}