{"id":8745,"date":"2020-12-25T12:07:52","date_gmt":"2020-12-25T15:07:52","guid":{"rendered":"https:\/\/tvc16.com\/portal\/?p=8745"},"modified":"2020-12-25T12:07:55","modified_gmt":"2020-12-25T15:07:55","slug":"numero-de-obitos-pela-covid-19-aumenta-em-petropolis-com-mais-10-registrados-nesta-quinta-feira-24-ja-sao-345-mortes","status":"publish","type":"post","link":"https:\/\/tvc16.com\/portal\/2020\/12\/25\/numero-de-obitos-pela-covid-19-aumenta-em-petropolis-com-mais-10-registrados-nesta-quinta-feira-24-ja-sao-345-mortes\/","title":{"rendered":"N\u00famero de \u00f3bitos, pela Covid-19, aumenta em Petr\u00f3polis. Com mais 10 registrados nesta quinta-feira (24), j\u00e1 s\u00e3o 345 mortes"},"content":{"rendered":"\n<p>Nesta quinta-feira, a Secretaria de Sa\u00fade recebeu mais 10 resultados confirmando o falecimento por COVID-19 em Petr\u00f3polis.<\/p>\n\n\n\n<p>Ate o momento a Cidade j\u00e1  registrou 11.162 casos positivos. Existem ainda, 2.177 em an\u00e1lise, entre PCR e testes r\u00e1pidos. H\u00e1 177 pacientes internados, podendo ser casos positivos ou ainda em investiga\u00e7\u00e3o esperando o resultado do teste e s\u00e3o  345 \u00f3bitos. <br>Hoje (24) o munic\u00edpio contabiliza pelo SUS 58,97% dos leitos cl\u00ednicos e 77,33% de UTI ocupados com pacientes infectados pelo coronav\u00edrus.<\/p>\n\n\n\n<p>Todos os detalhes sobre a COVID-19 no munic\u00edpio est\u00e3o dispon\u00edveis no link:<\/p>\n\n\n\n<p><a href=\"https:\/\/smspetropolis.net.br\/graficoCovidCompleto.html\">https:\/\/smspetropolis.net.br\/graficoCovidCompleto.html<\/a><\/p>\n","protected":false},"excerpt":{"rendered":"<p>Nesta quinta-feira, a Secretaria de Sa\u00fade recebeu mais 10 resultados confirmando o falecimento por COVID-19<\/p>\n","protected":false},"author":2,"featured_media":8746,"comment_status":"open","ping_status":"open","sticky":false,"template":"","format":"standard","meta":{"footnotes":""},"categories":[12],"tags":[],"class_list":["post-8745","post","type-post","status-publish","format-standard","has-post-thumbnail","hentry","category-cidade"],"_links":{"self":[{"href":"https:\/\/tvc16.com\/portal\/wp-json\/wp\/v2\/posts\/8745","targetHints":{"allow":["GET"]}}],"collection":[{"href":"https:\/\/tvc16.com\/portal\/wp-json\/wp\/v2\/posts"}],"about":[{"href":"https:\/\/tvc16.com\/portal\/wp-json\/wp\/v2\/types\/post"}],"author":[{"embeddable":true,"href":"https:\/\/tvc16.com\/portal\/wp-json\/wp\/v2\/users\/2"}],"replies":[{"embeddable":true,"href":"https:\/\/tvc16.com\/portal\/wp-json\/wp\/v2\/comments?post=8745"}],"version-history":[{"count":1,"href":"https:\/\/tvc16.com\/portal\/wp-json\/wp\/v2\/posts\/8745\/revisions"}],"predecessor-version":[{"id":8747,"href":"https:\/\/tvc16.com\/portal\/wp-json\/wp\/v2\/posts\/8745\/revisions\/8747"}],"wp:featuredmedia":[{"embeddable":true,"href":"https:\/\/tvc16.com\/portal\/wp-json\/wp\/v2\/media\/8746"}],"wp:attachment":[{"href":"https:\/\/tvc16.com\/portal\/wp-json\/wp\/v2\/media?parent=8745"}],"wp:term":[{"taxonomy":"category","embeddable":true,"href":"https:\/\/tvc16.com\/portal\/wp-json\/wp\/v2\/categories?post=8745"},{"taxonomy":"post_tag","embeddable":true,"href":"https:\/\/tvc16.com\/portal\/wp-json\/wp\/v2\/tags?post=8745"}],"curies":[{"name":"wp","href":"https:\/\/api.w.org\/{rel}","templated":true}]}}