{"id":8748,"date":"2020-12-25T18:14:43","date_gmt":"2020-12-25T21:14:43","guid":{"rendered":"https:\/\/tvc16.com\/portal\/?p=8748"},"modified":"2020-12-25T18:14:45","modified_gmt":"2020-12-25T21:14:45","slug":"juiza-do-tribunal-de-justica-do-rio-e-morta-a-facadas-na-zona-oeste","status":"publish","type":"post","link":"https:\/\/tvc16.com\/portal\/2020\/12\/25\/juiza-do-tribunal-de-justica-do-rio-e-morta-a-facadas-na-zona-oeste\/","title":{"rendered":"Ju\u00edza do Tribunal de Justi\u00e7a do Rio \u00e9 morta a facadas na zona oeste"},"content":{"rendered":"\n<h3 class=\"wp-block-heading\">Acusado pela morte \u00e9 o ex-marido, que foi preso<\/h3>\n\n\n\n<p>A ju\u00edza do Tribunal de Justi\u00e7a do Estado do Rio de Janeiro (TJRJ)&nbsp;Viviane Vieira do Amaral Arronenzi&nbsp;foi morta a facadas&nbsp;ontem \u00e0 noite&nbsp;(24), em frente do Col\u00e9gio Estadual Vicente Jannuzzi, na Avenida Rachel de Queiroz, na Barra da Tijuca, zona oeste do Rio. O acusado&nbsp;pela morte \u00e9 o ex-marido, que foi preso por guardas municipais do 2\u00ba Subgrupamento de Opera\u00e7\u00f5es de Praia (SGOP).<img decoding=\"async\" src=\"https:\/\/agenciabrasil.ebc.com.br\/ebc.png?id=1397328&amp;o=node\"><img decoding=\"async\" src=\"https:\/\/agenciabrasil.ebc.com.br\/ebc.gif?id=1397328&amp;o=node\"><\/p>\n\n\n\n<p>De acordo com a Guarda Municipal, os agentes estavam na base do subgrupamento, que fica ao lado do Bosque da Barra, pr\u00f3ximo ao local, quando foram chamados por pessoas que viram as agress\u00f5es\u00a0para ajudar a v\u00edtima.\u00a0No local do crime, os guardas encontraram a ju\u00edza ca\u00edda no ch\u00e3o e desacordada.<\/p>\n\n\n\n<p>As pessoas que estavam no local e viram o assassinato indicaram\u00a0o autor, que foi preso pelos guardas sem apresentar resist\u00eancia. Na sequ\u00eancia, chegaram ao local policiais militares e agentes do Corpo de Bombeiros, que constataram que a v\u00edtima estava morta. As primeiras informa\u00e7\u00f5es indicam que as filhas do casal estavam com a m\u00e3e e presenciaram o crime.<\/p>\n\n\n\n<p>O acusado foi levado para a Delegacia de Homic\u00eddios da Capital (DH), na Barra, pelos agentes da Guarda Municipal, mas como estava com um corte na m\u00e3o precisou ser socorrido no Hospital Municipal Louren\u00e7o Jorge, tamb\u00e9m na Barra. L\u00e1 ele foi atendido, recebeu alta e foi levado por policiais militares para a delegacia.<\/p>\n\n\n\n<h2 class=\"wp-block-heading\">Nota de pesar<\/h2>\n\n\n\n<p>Em nota, o TJRJ&nbsp;lamentou a morte da magistrada. \u201cO Tribunal de Justi\u00e7a do Estado do Rio&nbsp;de Janeiro&nbsp;lamenta profundamente a morte da ju\u00edza Viviane Vieira do Amaral Arronenzi, v\u00edtima de feminic\u00eddio na Barra da Tijuca nesta&nbsp;quinta-feira (24)\u201d.<\/p>\n\n\n\n<p>Tamb\u00e9m em nota, a Associa\u00e7\u00e3o dos Magistrados do Estado do Rio&nbsp;de Janeiro&nbsp;(Amaerj)&nbsp;e a Associa\u00e7\u00e3o dos Magistrados Brasileiros (AMB) informam o&nbsp;assassinato da ju\u00edza e prometem&nbsp;puni\u00e7\u00e3o para o autor do crime. \u201cNesta Nota Oficial conjunta, as entidades representativas dos magistrados fluminenses e brasileiros se solidarizam com os parentes e amigos da pranteada magistrada. Este crime b\u00e1rbaro n\u00e3o ficar\u00e1 impune, asseguramos\u201d.<\/p>\n\n\n\n<p>Em mensagem no Twitter da Associa\u00e7\u00e3o de Magistrados Brasileiros, a presidente Renata Gil chamou a aten\u00e7\u00e3o para os casos de feminic\u00eddio cometidos no pa\u00eds\u00a0&#8220;O feminic\u00eddio \u00e9 o retrato de uma sociedade marcada ainda pela viol\u00eancia de g\u00eanero. Precisamos combater esse mal!&#8221;, disse, manifestando solidariedade \u00e0\u00a0fam\u00edlia.<\/p>\n\n\n\n<p>O Minist\u00e9rio P\u00fablico do Estado do Rio&nbsp;de Janeiro&nbsp;tamb\u00e9m&nbsp;manifestou&nbsp;pesar pela morte da ju\u00edza&nbsp;e prestou solidariedade&nbsp;\u00e0 fam\u00edlia e aos amigos da magistrada, ao presidente do Tribunal de Justi\u00e7a e \u00e0s associa\u00e7\u00f5es da Magistratura. \u201cViviane Vieira do Amaral Arronenzi integrava a magistratura do estado do Rio&nbsp;de Janeiro&nbsp;havia 15 anos. Atualmente, trabalhava na 24\u00aa Vara C\u00edvel da capital. Antes, atuou&nbsp;na 16\u00aa Vara de Fazenda P\u00fablica\u201d.<\/p>\n\n\n\n<p>Ainda na nota, a&nbsp;Procuradoria-Geral de Justi\u00e7a do Rio disse que segundo informa\u00e7\u00f5es da Pol\u00edcia Civil, o autor do crime \u00e9 o ex-marido da ju\u00edza, Paulo Jos\u00e9 Arronenzi, de 52 anos, preso em flagrante. \u201cO MPRJ, por meio da Promotoria de Justi\u00e7a com atribui\u00e7\u00e3o, ir\u00e1 acompanhar a investiga\u00e7\u00e3o deste b\u00e1rbaro crime e repudia o feminic\u00eddio\u201d.<\/p>\n\n\n\n<p>A Guarda Municipal informou que as tr\u00eas filhas do casal assistiram o crime.<\/p>\n\n\n\n<p>A\u00a0Pol\u00edcia Civil informou que a\u00a0Delegacia de Homic\u00eddios da capital instaurou inqu\u00e9rito para investigar o assassinato. \u201cO autor \u00e9 o ex-marido da v\u00edtima, que foi preso e autuado em flagrante por feminic\u00eddio. A per\u00edcia foi realizada no local do crime e o corpo da ju\u00edza foi encaminhado para o Instituto M\u00e9dico-Legal do centro. As investiga\u00e7\u00f5es continuam\u201d, acrescentou a Pol\u00edcia Civil.<\/p>\n\n\n\n<p>Por Cristina \u00cdndio do Brasil &#8211; Rep\u00f3rter da Ag\u00eancia Brasil &#8211; Rio de Janeiro<\/p>\n\n\n\n<p>Edi\u00e7\u00e3o: Gra\u00e7a Adjuto<\/p>\n","protected":false},"excerpt":{"rendered":"<p>Acusado pela morte \u00e9 o ex-marido, que foi preso A ju\u00edza do Tribunal de Justi\u00e7a<\/p>\n","protected":false},"author":2,"featured_media":8749,"comment_status":"open","ping_status":"open","sticky":false,"template":"","format":"standard","meta":{"footnotes":""},"categories":[17],"tags":[],"class_list":["post-8748","post","type-post","status-publish","format-standard","has-post-thumbnail","hentry","category-outras-noticias"],"_links":{"self":[{"href":"https:\/\/tvc16.com\/portal\/wp-json\/wp\/v2\/posts\/8748","targetHints":{"allow":["GET"]}}],"collection":[{"href":"https:\/\/tvc16.com\/portal\/wp-json\/wp\/v2\/posts"}],"about":[{"href":"https:\/\/tvc16.com\/portal\/wp-json\/wp\/v2\/types\/post"}],"author":[{"embeddable":true,"href":"https:\/\/tvc16.com\/portal\/wp-json\/wp\/v2\/users\/2"}],"replies":[{"embeddable":true,"href":"https:\/\/tvc16.com\/portal\/wp-json\/wp\/v2\/comments?post=8748"}],"version-history":[{"count":1,"href":"https:\/\/tvc16.com\/portal\/wp-json\/wp\/v2\/posts\/8748\/revisions"}],"predecessor-version":[{"id":8751,"href":"https:\/\/tvc16.com\/portal\/wp-json\/wp\/v2\/posts\/8748\/revisions\/8751"}],"wp:featuredmedia":[{"embeddable":true,"href":"https:\/\/tvc16.com\/portal\/wp-json\/wp\/v2\/media\/8749"}],"wp:attachment":[{"href":"https:\/\/tvc16.com\/portal\/wp-json\/wp\/v2\/media?parent=8748"}],"wp:term":[{"taxonomy":"category","embeddable":true,"href":"https:\/\/tvc16.com\/portal\/wp-json\/wp\/v2\/categories?post=8748"},{"taxonomy":"post_tag","embeddable":true,"href":"https:\/\/tvc16.com\/portal\/wp-json\/wp\/v2\/tags?post=8748"}],"curies":[{"name":"wp","href":"https:\/\/api.w.org\/{rel}","templated":true}]}}