{"id":8752,"date":"2020-12-25T18:31:14","date_gmt":"2020-12-25T21:31:14","guid":{"rendered":"https:\/\/tvc16.com\/portal\/?p=8752"},"modified":"2020-12-25T18:31:17","modified_gmt":"2020-12-25T21:31:17","slug":"ajuda-humanitaria-chega-a-xerem-e-mage-apos-temporal-na-baixada-fluminense","status":"publish","type":"post","link":"https:\/\/tvc16.com\/portal\/2020\/12\/25\/ajuda-humanitaria-chega-a-xerem-e-mage-apos-temporal-na-baixada-fluminense\/","title":{"rendered":"Ajuda humanit\u00e1ria chega a Xer\u00e9m e Mag\u00e9 ap\u00f3s temporal na Baixada Fluminense"},"content":{"rendered":"\n<p><em>J\u00e1 foram enviados cerca de 1.800 itens, entre colch\u00f5es, cestas b\u00e1sicas e kits de higiene<\/em><\/p>\n\n\n\n<p>O Governo do Estado do Rio de Janeiro, por meio das secretarias de Defesa Civil e de Desenvolvimento Social e Direitos Humanos, j\u00e1 entregou mais de 1.800 itens de ajuda humanit\u00e1ria para moradores das cidades da Baixada Fluminense impactadas pelas fortes chuvas desta semana. Em Duque de Caxias, cidade mais atingida, foram distribu\u00eddos mais de 800 colch\u00f5es, 400 kits de limpeza e 400 cestas b\u00e1sicas. Mag\u00e9 recebeu 100 kits de higiene e limpeza e 100 cestas b\u00e1sicas. A a\u00e7\u00e3o coordenada dos \u00f3rg\u00e3os estaduais junto \u00e0s cidades vem sendo realizada desde a \u00faltima quinta-feira (24\/12), mesmo dia em que o governador em exerc\u00edcio Cl\u00e1udio Castro esteve em Caxias para avaliar os estragos e definir as medidas de aux\u00edlio junto com a prefeitura.<\/p>\n\n\n\n<figure class=\"wp-block-image size-large\"><img loading=\"lazy\" decoding=\"async\" width=\"1024\" height=\"768\" src=\"https:\/\/tvc16.com\/portal\/wp-content\/uploads\/2020\/12\/Doacoes-3-1024x768.jpeg\" alt=\"\" class=\"wp-image-8754\" srcset=\"https:\/\/tvc16.com\/portal\/wp-content\/uploads\/2020\/12\/Doacoes-3-1024x768.jpeg 1024w, https:\/\/tvc16.com\/portal\/wp-content\/uploads\/2020\/12\/Doacoes-3-300x225.jpeg 300w, https:\/\/tvc16.com\/portal\/wp-content\/uploads\/2020\/12\/Doacoes-3-768x576.jpeg 768w, https:\/\/tvc16.com\/portal\/wp-content\/uploads\/2020\/12\/Doacoes-3-200x150.jpeg 200w, https:\/\/tvc16.com\/portal\/wp-content\/uploads\/2020\/12\/Doacoes-3.jpeg 1280w\" sizes=\"auto, (max-width: 1024px) 100vw, 1024px\" \/><\/figure>\n\n\n\n<p>Al\u00e9m destas doa\u00e7\u00f5es, o governador anunciou tamb\u00e9m o fornecimento de 150 cart\u00f5es Recome\u00e7ar que servir\u00e3o para que as fam\u00edlias de Duque de Caxias possam adquirir novos eletrodom\u00e9sticos. Os valores variam entre 2 e 5 mil reais, dependendo se a pessoa ficou desalojada ou desabrigada. Os agentes tamb\u00e9m auxiliaram a Defesa Civil municipal na montagem de um Posto de Comando Avan\u00e7ado (PCAv) para cadastramento das fam\u00edlias afetadas.<\/p>\n\n\n\n<p>A Subsecretaria de Gest\u00e3o do SUAS e Seguran\u00e7a Alimentar, da Secretaria de Desenvolvimento Social e Direitos Humanos, por meio da Superintend\u00eancia da Prote\u00e7\u00e3o Social Especial e do Grupo de Gest\u00e3o de Riscos, monitora toda a situa\u00e7\u00e3o para garantir respostas e o atendimento qualificado \u00e0s cerca de 152 fam\u00edlias v\u00edtimas do temporal.<\/p>\n\n\n\n<p><strong>Monitoramento<\/strong><\/p>\n\n\n\n<p>A Defesa Civil estadual segue monitorando as condi\u00e7\u00f5es meteorol\u00f3gicas e os n\u00edveis pluviom\u00e9tricos do territ\u00f3rio fluminense, enviando alertas para as regi\u00f5es, em caso de riscos hidrol\u00f3gicos e geol\u00f3gicos.&nbsp;<\/p>\n\n\n\n<p><strong>Atendimentos<\/strong><\/p>\n\n\n\n<p>O Corpo de Bombeiros realizou cerca de 150 atendimentos relacionados \u00e0s chuvas, em todo o Rio de Janeiro, desde ter\u00e7a-feira (22\/12).<\/p>\n","protected":false},"excerpt":{"rendered":"<p>J\u00e1 foram enviados cerca de 1.800 itens, entre colch\u00f5es, cestas b\u00e1sicas e kits de higiene<\/p>\n","protected":false},"author":2,"featured_media":8753,"comment_status":"open","ping_status":"open","sticky":false,"template":"","format":"standard","meta":{"footnotes":""},"categories":[17],"tags":[],"class_list":["post-8752","post","type-post","status-publish","format-standard","has-post-thumbnail","hentry","category-outras-noticias"],"_links":{"self":[{"href":"https:\/\/tvc16.com\/portal\/wp-json\/wp\/v2\/posts\/8752","targetHints":{"allow":["GET"]}}],"collection":[{"href":"https:\/\/tvc16.com\/portal\/wp-json\/wp\/v2\/posts"}],"about":[{"href":"https:\/\/tvc16.com\/portal\/wp-json\/wp\/v2\/types\/post"}],"author":[{"embeddable":true,"href":"https:\/\/tvc16.com\/portal\/wp-json\/wp\/v2\/users\/2"}],"replies":[{"embeddable":true,"href":"https:\/\/tvc16.com\/portal\/wp-json\/wp\/v2\/comments?post=8752"}],"version-history":[{"count":1,"href":"https:\/\/tvc16.com\/portal\/wp-json\/wp\/v2\/posts\/8752\/revisions"}],"predecessor-version":[{"id":8755,"href":"https:\/\/tvc16.com\/portal\/wp-json\/wp\/v2\/posts\/8752\/revisions\/8755"}],"wp:featuredmedia":[{"embeddable":true,"href":"https:\/\/tvc16.com\/portal\/wp-json\/wp\/v2\/media\/8753"}],"wp:attachment":[{"href":"https:\/\/tvc16.com\/portal\/wp-json\/wp\/v2\/media?parent=8752"}],"wp:term":[{"taxonomy":"category","embeddable":true,"href":"https:\/\/tvc16.com\/portal\/wp-json\/wp\/v2\/categories?post=8752"},{"taxonomy":"post_tag","embeddable":true,"href":"https:\/\/tvc16.com\/portal\/wp-json\/wp\/v2\/tags?post=8752"}],"curies":[{"name":"wp","href":"https:\/\/api.w.org\/{rel}","templated":true}]}}