{"id":8768,"date":"2020-12-25T21:14:59","date_gmt":"2020-12-26T00:14:59","guid":{"rendered":"https:\/\/tvc16.com\/portal\/?p=8768"},"modified":"2020-12-25T21:15:01","modified_gmt":"2020-12-26T00:15:01","slug":"governo-estima-gastos-de-r-6205-bi-em-acoes-contra-novo-coronavirus","status":"publish","type":"post","link":"https:\/\/tvc16.com\/portal\/2020\/12\/25\/governo-estima-gastos-de-r-6205-bi-em-acoes-contra-novo-coronavirus\/","title":{"rendered":"Governo estima gastos de R$ 620,5 bi em a\u00e7\u00f5es contra novo coronav\u00edrus"},"content":{"rendered":"\n<p>Dados do Minist\u00e9rio da Economia mostram que R$ 31,6 bi dizem respeito \u00e0 compra das vacinas contra a doen\u00e7a<\/p>\n\n\n\n<p>O governo federal gastou R$ 620,5 bilh\u00f5es em a\u00e7\u00f5es contra o novo coronav\u00edrus. Desse total, pouco mais de R$ 588 bilh\u00f5es deve afetar o d\u00e9ficit prim\u00e1rio de 2020 e mais de R$ 31,5 bilh\u00f5es devem impactar as contas p\u00fablicas no ano que vem. As proje\u00e7\u00f5es foram feitas pela Secretaria Especial de Fazenda, do Minist\u00e9rio da Economia.&nbsp;<\/p>\n\n\n\n<p>De acordo com a Secretaria, a maior parte dos mais de R$ 31,5 bilh\u00f5es diz respeito \u00e0 compra das vacinas contra a covid-19, o que consumir\u00e1 cerca de R$ 20 bilh\u00f5es em cr\u00e9ditos extraordin\u00e1rios do or\u00e7amento de 2021. O restante refere-se a restos a pagar para tr\u00eas pastas: a da Cidadania, da Sa\u00fade e do Trabalho e Previd\u00eancia.<\/p>\n\n\n\n<p><strong><a href=\"https:\/\/brasil61.com\/noticias\/senado-deve-votar-em-fevereiro-mp-que-autoriza-pais-a-ingressar-em-consorcios-de-vacinas-bras203110\" target=\"_blank\" rel=\"noreferrer noopener\">Senado deve votar em fevereiro MP que autoriza Pa\u00eds a ingressar em cons\u00f3rcios de vacinas<\/a><\/strong><\/p>\n\n\n\n<p><strong><a href=\"https:\/\/brasil61.com\/noticias\/verao-2021-entenda-as-relacoes-do-calor-com-os-casos-de-covid-19-bras203116\" target=\"_blank\" rel=\"noreferrer noopener\">Ver\u00e3o 2021: entenda as rela\u00e7\u00f5es do calor com os casos de Covid-19<\/a><\/strong><\/p>\n\n\n\n<p><strong><a href=\"https:\/\/brasil61.com\/noticias\/sp-governo-estadual-confirma-chegada-de-5-5-milhoes-de-doses-da-coronavac-no-dia-24-bras203107\" target=\"_blank\" rel=\"noreferrer noopener\">SP: Governo estadual confirma chegada de 5,5 milh\u00f5es de doses da Coronavac no dia 24<\/a><\/strong><\/p>\n\n\n\n<p>Ainda segundo a proje\u00e7\u00e3o, a maior parte das despesas executadas em 2020 destinou-se ao pagamento do aux\u00edlio emergencial, que consumiu quase R$ 322 bilh\u00f5es. Em seguida, veio o programa de socorro a estados e munic\u00edpios, com desembolsos de R$ 60 bilh\u00f5es. Em terceiro lugar, veio o programa de suspens\u00e3o de contratos e de redu\u00e7\u00e3o de jornada, com R$ 51,5 bilh\u00f5es.<\/p>\n\n\n\n<p>Por conta do estado de calamidade p\u00fablica, a meta de d\u00e9ficit prim\u00e1rio, que \u00e9 o resultado negativo das contas do governo sem os juros da d\u00edvida p\u00fablica, ficou suspensa. Os cr\u00e9ditos extraordin\u00e1rios relacionados ao or\u00e7amento de guerra foram exclu\u00eddos do teto federal de gastos.<\/p>\n\n\n\n<p>Para o pr\u00f3ximo ano, a meta de d\u00e9ficit prim\u00e1rio aprovada pelo Congresso Nacional na Lei de Diretrizes Or\u00e7ament\u00e1rias (LDO) de 2021 corresponde a R$ 247,2 bilh\u00f5es para o Governo Central, que engloba Tesouro Nacional, Previd\u00eancia Social e Banco Central. Segundo o Minist\u00e9rio da Economia, a meta inclui os R$ 20 bilh\u00f5es para a compra das vacinas.<\/p>\n\n\n\n<p>Fonte: <a href=\"https:\/\/brasil61.com\/noticias\/governo-estima-gastos-de-r-620-5-bi-em-acoes-contra-novo-coronavirus-bras203127?email=bethdeoliveira@yahoo.com.br&amp;utm_source=newsletter&amp;utm_medium=newsletter&amp;utm_campaign=newsletter\" target=\"_blank\" rel=\"noreferrer noopener\">Brasil 61<\/a><\/p>\n","protected":false},"excerpt":{"rendered":"<p>Dados do Minist\u00e9rio da Economia mostram que R$ 31,6 bi dizem respeito \u00e0 compra das<\/p>\n","protected":false},"author":2,"featured_media":8769,"comment_status":"open","ping_status":"open","sticky":false,"template":"","format":"standard","meta":{"footnotes":""},"categories":[17],"tags":[],"class_list":["post-8768","post","type-post","status-publish","format-standard","has-post-thumbnail","hentry","category-outras-noticias"],"_links":{"self":[{"href":"https:\/\/tvc16.com\/portal\/wp-json\/wp\/v2\/posts\/8768","targetHints":{"allow":["GET"]}}],"collection":[{"href":"https:\/\/tvc16.com\/portal\/wp-json\/wp\/v2\/posts"}],"about":[{"href":"https:\/\/tvc16.com\/portal\/wp-json\/wp\/v2\/types\/post"}],"author":[{"embeddable":true,"href":"https:\/\/tvc16.com\/portal\/wp-json\/wp\/v2\/users\/2"}],"replies":[{"embeddable":true,"href":"https:\/\/tvc16.com\/portal\/wp-json\/wp\/v2\/comments?post=8768"}],"version-history":[{"count":1,"href":"https:\/\/tvc16.com\/portal\/wp-json\/wp\/v2\/posts\/8768\/revisions"}],"predecessor-version":[{"id":8770,"href":"https:\/\/tvc16.com\/portal\/wp-json\/wp\/v2\/posts\/8768\/revisions\/8770"}],"wp:featuredmedia":[{"embeddable":true,"href":"https:\/\/tvc16.com\/portal\/wp-json\/wp\/v2\/media\/8769"}],"wp:attachment":[{"href":"https:\/\/tvc16.com\/portal\/wp-json\/wp\/v2\/media?parent=8768"}],"wp:term":[{"taxonomy":"category","embeddable":true,"href":"https:\/\/tvc16.com\/portal\/wp-json\/wp\/v2\/categories?post=8768"},{"taxonomy":"post_tag","embeddable":true,"href":"https:\/\/tvc16.com\/portal\/wp-json\/wp\/v2\/tags?post=8768"}],"curies":[{"name":"wp","href":"https:\/\/api.w.org\/{rel}","templated":true}]}}