{"id":8771,"date":"2020-12-25T21:20:18","date_gmt":"2020-12-26T00:20:18","guid":{"rendered":"https:\/\/tvc16.com\/portal\/?p=8771"},"modified":"2020-12-25T21:22:23","modified_gmt":"2020-12-26T00:22:23","slug":"preco-de-vacina-para-covid-19-para-uso-emergencial-nao-sera-regulado","status":"publish","type":"post","link":"https:\/\/tvc16.com\/portal\/2020\/12\/25\/preco-de-vacina-para-covid-19-para-uso-emergencial-nao-sera-regulado\/","title":{"rendered":"Pre\u00e7o de vacina para Covid-19 para uso emergencial n\u00e3o ser\u00e1 regulado"},"content":{"rendered":"\n<p>Por enquanto, ainda n\u00e3o h\u00e1 pedidos na Anvisa para uso emergencial dos imunizantes no Brasil<\/p>\n\n\n\n<p>As vacinas que tiverem autoriza\u00e7\u00e3o da Ag\u00eancia Nacional de Vigil\u00e2ncia Sanit\u00e1ria (Anvisa) para uso emergencial no Brasil n\u00e3o ter\u00e3o o pre\u00e7o avaliado pela C\u00e2mara de Regula\u00e7\u00e3o do Mercado de Medicamentos (CMED). A resolu\u00e7\u00e3o publicada no Di\u00e1rio Oficial da Uni\u00e3o justifica a medida \u201cdado o car\u00e1ter experimental\u201d da vacina.&nbsp;<\/p>\n\n\n\n<p><strong><a href=\"https:\/\/brasil61.com\/noticias\/especial-equipe-de-transicao-e-importante-para-governo-manter-beneficios-a-populacao-bras202977\">Especial: equipe de transi\u00e7\u00e3o \u00e9 importante para governo manter benef\u00edcios \u00e0 popula\u00e7\u00e3o<\/a><\/strong><\/p>\n\n\n\n<p><strong><a href=\"https:\/\/brasil61.com\/noticias\/festas-de-fim-de-ano-exigem-cuidado-redobrado-na-pandemia-orienta-fiocruz-bras203098\">Festas de fim de ano exigem cuidado redobrado na pandemia, orienta Fiocruz<\/a><\/strong><\/p>\n\n\n\n<p>At\u00e9 o momento, nenhuma das quatro farmac\u00eauticas com imunizantes na fase de testes final no Brasil pediu autoriza\u00e7\u00e3o da ag\u00eancia reguladora para uso emergencial \u2013 Universidade Oxford em parceria com a AstraZeneca, a do Instituto Butantan, a da Pfizer com a BioNTech e a da Johnson &amp; Johnson.&nbsp;<\/p>\n\n\n\n<p>Fonte: <a href=\"https:\/\/brasil61.com\/noticias\/preco-de-vacina-para-covid-19-para-uso-emergencial-nao-sera-regulado-bras203144?email=bethdeoliveira@yahoo.com.br&amp;utm_source=newsletter&amp;utm_medium=newsletter&amp;utm_campaign=newsletter\" target=\"_blank\" rel=\"noreferrer noopener\">Brasil 61<\/a><\/p>\n","protected":false},"excerpt":{"rendered":"<p>Por enquanto, ainda n\u00e3o h\u00e1 pedidos na Anvisa para uso emergencial dos imunizantes no Brasil<\/p>\n","protected":false},"author":2,"featured_media":8774,"comment_status":"open","ping_status":"open","sticky":false,"template":"","format":"standard","meta":{"footnotes":""},"categories":[17],"tags":[],"class_list":["post-8771","post","type-post","status-publish","format-standard","has-post-thumbnail","hentry","category-outras-noticias"],"_links":{"self":[{"href":"https:\/\/tvc16.com\/portal\/wp-json\/wp\/v2\/posts\/8771","targetHints":{"allow":["GET"]}}],"collection":[{"href":"https:\/\/tvc16.com\/portal\/wp-json\/wp\/v2\/posts"}],"about":[{"href":"https:\/\/tvc16.com\/portal\/wp-json\/wp\/v2\/types\/post"}],"author":[{"embeddable":true,"href":"https:\/\/tvc16.com\/portal\/wp-json\/wp\/v2\/users\/2"}],"replies":[{"embeddable":true,"href":"https:\/\/tvc16.com\/portal\/wp-json\/wp\/v2\/comments?post=8771"}],"version-history":[{"count":1,"href":"https:\/\/tvc16.com\/portal\/wp-json\/wp\/v2\/posts\/8771\/revisions"}],"predecessor-version":[{"id":8773,"href":"https:\/\/tvc16.com\/portal\/wp-json\/wp\/v2\/posts\/8771\/revisions\/8773"}],"wp:featuredmedia":[{"embeddable":true,"href":"https:\/\/tvc16.com\/portal\/wp-json\/wp\/v2\/media\/8774"}],"wp:attachment":[{"href":"https:\/\/tvc16.com\/portal\/wp-json\/wp\/v2\/media?parent=8771"}],"wp:term":[{"taxonomy":"category","embeddable":true,"href":"https:\/\/tvc16.com\/portal\/wp-json\/wp\/v2\/categories?post=8771"},{"taxonomy":"post_tag","embeddable":true,"href":"https:\/\/tvc16.com\/portal\/wp-json\/wp\/v2\/tags?post=8771"}],"curies":[{"name":"wp","href":"https:\/\/api.w.org\/{rel}","templated":true}]}}