{"id":8775,"date":"2020-12-25T21:27:07","date_gmt":"2020-12-26T00:27:07","guid":{"rendered":"https:\/\/tvc16.com\/portal\/?p=8775"},"modified":"2020-12-25T21:27:10","modified_gmt":"2020-12-26T00:27:10","slug":"covid-19-comeca-restricao-de-voos-vindos-do-reino-unido","status":"publish","type":"post","link":"https:\/\/tvc16.com\/portal\/2020\/12\/25\/covid-19-comeca-restricao-de-voos-vindos-do-reino-unido\/","title":{"rendered":"Covid-19: come\u00e7a restri\u00e7\u00e3o de voos vindos do Reino Unido"},"content":{"rendered":"\n<h3 class=\"wp-block-heading\">Medida atende a recomenda\u00e7\u00e3o da Anvisa<\/h3>\n\n\n\n<p>Come\u00e7a a valer nesta&nbsp;sexta-feira (25) a proibi\u00e7\u00e3o de&nbsp;entrada no&nbsp;Brasil&nbsp;de&nbsp;voos com origem ou passagem pela Inglaterra, Esc\u00f3cia, Pa\u00eds de Gales e Irlanda do Norte&nbsp;nos \u00faltimos 14 dias.&nbsp;Diante da&nbsp;identifica\u00e7\u00e3o de duas novas muta\u00e7\u00f5es do novo coronav\u00edrus no Reino Unido,&nbsp;as&nbsp;<a href=\"https:\/\/agenciabrasil.ebc.com.br\/geral\/noticia\/2020-12\/brasil-proibe-voos-vindos-do-reino-unido-e-irlanda-do-norte\" target=\"_blank\" rel=\"noreferrer noopener\">novas regras<\/a>, que&nbsp;atendem&nbsp;a uma recomenda\u00e7\u00e3o da Ag\u00eancia Nacional de Vigil\u00e2ncia Sanit\u00e1ria&nbsp;(Anvisa), foram publicadas&nbsp;na edi\u00e7\u00e3o dessa quinta-feira&nbsp;do&nbsp;<em>Di\u00e1rio Oficial da Uni\u00e3o<\/em>.<img decoding=\"async\" src=\"https:\/\/agenciabrasil.ebc.com.br\/ebc.png?id=1397327&amp;o=node\"><img decoding=\"async\" src=\"https:\/\/agenciabrasil.ebc.com.br\/ebc.gif?id=1397327&amp;o=node\"><\/p>\n\n\n\n<p>A norma&nbsp;tamb\u00e9m&nbsp;pro\u00edbe a entrada de estrangeiros no pa\u00eds por via terrestre ou transporte aquavi\u00e1rio,&nbsp;mas h\u00e1 exce\u00e7\u00f5es:&nbsp;brasileiros natos ou naturalizados; imigrantes com resid\u00eancia definitiva no pa\u00eds, profissionais estrangeiros em miss\u00e3o e funcion\u00e1rios estrangeiros ligados ao governo brasileiro.<\/p>\n\n\n\n<h2 class=\"wp-block-heading\">Outros pa\u00edses<\/h2>\n\n\n\n<p>A\u00a0partir do\u00a0pr\u00f3ximo\u00a0dia 30,\u00a0passageiros vindos de outros de pa\u00edses\u00a0ter\u00e3o que apresentar o resultado negativo de covid-19\u00a0para entrar no Brasil. O exame exigido \u00e9 tipo PCR, e tem que ser feito at\u00e9 72 horas antes do embarque.\u00a0Crian\u00e7as entre 2 e 12 anos de idade n\u00e3o precisam fazer o teste, desde que seus acompanhantes fa\u00e7am.<\/p>\n\n\n\n<p>Por Karine Melo &#8211; Rep\u00f3rter da Ag\u00eancia Brasil &#8211; Bras\u00edlia<\/p>\n\n\n\n<p>Edi\u00e7\u00e3o: Gra\u00e7a Adjuto<\/p>\n","protected":false},"excerpt":{"rendered":"<p>Medida atende a recomenda\u00e7\u00e3o da Anvisa Come\u00e7a a valer nesta&nbsp;sexta-feira (25) a proibi\u00e7\u00e3o de&nbsp;entrada no&nbsp;Brasil&nbsp;de&nbsp;voos<\/p>\n","protected":false},"author":2,"featured_media":8776,"comment_status":"open","ping_status":"open","sticky":false,"template":"","format":"standard","meta":{"footnotes":""},"categories":[17],"tags":[],"class_list":["post-8775","post","type-post","status-publish","format-standard","has-post-thumbnail","hentry","category-outras-noticias"],"_links":{"self":[{"href":"https:\/\/tvc16.com\/portal\/wp-json\/wp\/v2\/posts\/8775","targetHints":{"allow":["GET"]}}],"collection":[{"href":"https:\/\/tvc16.com\/portal\/wp-json\/wp\/v2\/posts"}],"about":[{"href":"https:\/\/tvc16.com\/portal\/wp-json\/wp\/v2\/types\/post"}],"author":[{"embeddable":true,"href":"https:\/\/tvc16.com\/portal\/wp-json\/wp\/v2\/users\/2"}],"replies":[{"embeddable":true,"href":"https:\/\/tvc16.com\/portal\/wp-json\/wp\/v2\/comments?post=8775"}],"version-history":[{"count":1,"href":"https:\/\/tvc16.com\/portal\/wp-json\/wp\/v2\/posts\/8775\/revisions"}],"predecessor-version":[{"id":8777,"href":"https:\/\/tvc16.com\/portal\/wp-json\/wp\/v2\/posts\/8775\/revisions\/8777"}],"wp:featuredmedia":[{"embeddable":true,"href":"https:\/\/tvc16.com\/portal\/wp-json\/wp\/v2\/media\/8776"}],"wp:attachment":[{"href":"https:\/\/tvc16.com\/portal\/wp-json\/wp\/v2\/media?parent=8775"}],"wp:term":[{"taxonomy":"category","embeddable":true,"href":"https:\/\/tvc16.com\/portal\/wp-json\/wp\/v2\/categories?post=8775"},{"taxonomy":"post_tag","embeddable":true,"href":"https:\/\/tvc16.com\/portal\/wp-json\/wp\/v2\/tags?post=8775"}],"curies":[{"name":"wp","href":"https:\/\/api.w.org\/{rel}","templated":true}]}}