{"id":8778,"date":"2020-12-25T21:31:40","date_gmt":"2020-12-26T00:31:40","guid":{"rendered":"https:\/\/tvc16.com\/portal\/?p=8778"},"modified":"2020-12-25T21:31:42","modified_gmt":"2020-12-26T00:31:42","slug":"justica-transforma-em-preventiva-prisao-do-assassino-da-juiza","status":"publish","type":"post","link":"https:\/\/tvc16.com\/portal\/2020\/12\/25\/justica-transforma-em-preventiva-prisao-do-assassino-da-juiza\/","title":{"rendered":"Justi\u00e7a transforma em preventiva pris\u00e3o do assassino da ju\u00edza"},"content":{"rendered":"\n<h3 class=\"wp-block-heading\">Ex-marido cometeu o crime na presen\u00e7a das tr\u00eas filhas<\/h3>\n\n\n\n<p>A Justi\u00e7a converteu em preventiva a pris\u00e3o em flagrante do engenheiro Paulo Jos\u00e9 Arronenzi, de 52 anos, acusado do assassinato da ex-mulher, a ju\u00edza Viviane Arronenzi, ontem \u00e0 tarde (24), na presen\u00e7a das tr\u00eas filhas do casal. A audi\u00eancia de cust\u00f3dia terminou \u00e0s 15h07 desta sexta-feira&nbsp; (25). A decis\u00e3o \u00e9 da&nbsp; ju\u00edza Monique Brand\u00e3o.<img decoding=\"async\" src=\"https:\/\/agenciabrasil.ebc.com.br\/ebc.png?id=1397361&amp;o=node\"><img decoding=\"async\" src=\"https:\/\/agenciabrasil.ebc.com.br\/ebc.gif?id=1397361&amp;o=node\"><\/p>\n\n\n\n<p>Paulo Arronenzi j\u00e1 est\u00e1 na Cadeia P\u00fablica Jos\u00e9 Frederico Marques, em Benfica, zona norte do Rio, entrada dos presos no sistema penitenci\u00e1rio. Depois de uma triagem, o r\u00e9u ser\u00e1 encaminhado a um pres\u00eddio do Estado, onde ficar\u00e1 \u00e0 disposi\u00e7\u00e3o da Justi\u00e7a, aguardando julgamento.<\/p>\n\n\n\n<h2 class=\"wp-block-heading\">Defensoria lamenta<\/h2>\n\n\n\n<p>Em nota, a Defensoria P\u00fablica do Rio de Janeiro tamb\u00e9m manifestou pesar pela morte da ju\u00edza Viviane Vieira do Amaral Arronenzi. &#8220;Infelizmente, \u00e9 mais um caso de viol\u00eancia contra a mulher, uma chaga social que atinge todas as esferas da nossa sociedade, sem escolher origem, classe ou posi\u00e7\u00e3o social. N\u00f3s, da Defensoria, nos unimos \u00e0 dor dos entes queridos que agora choram esta perda irrepar\u00e1vel. Lamentamos profundamente que not\u00edcias de feminic\u00eddio sejam pauta frequente no Brasil, mesmo em dias que deveriam ser apenas de celebra\u00e7\u00e3o \u00e0 vida.&#8221;<br><br>A nota acrescenta que a Defensoria P\u00fablica est\u00e1 \u00e0 disposi\u00e7\u00e3o de todas as mulheres que se sentem amea\u00e7adas.<\/p>\n\n\n\n<p>&#8220;Ao Judici\u00e1rio fluminense, fica o registro de toda nossa solidariedade pela perda da magistrada que t\u00e3o bem honrou a fun\u00e7\u00e3o que exercia. Perde o Judici\u00e1rio; perde a sociedade; perde, sobretudo, a fam\u00edlia&#8221;, conclui o texto.<\/p>\n\n\n\n<p>Por Douglas Corr\u00eaa &#8211; Rep\u00f3rter da Ag\u00eancia Brasil &#8211; Rio de Janeiro<\/p>\n\n\n\n<p>Edi\u00e7\u00e3o: N\u00e1dia Franco<\/p>\n","protected":false},"excerpt":{"rendered":"<p>Ex-marido cometeu o crime na presen\u00e7a das tr\u00eas filhas A Justi\u00e7a converteu em preventiva a<\/p>\n","protected":false},"author":2,"featured_media":8779,"comment_status":"open","ping_status":"open","sticky":false,"template":"","format":"standard","meta":{"footnotes":""},"categories":[17],"tags":[],"class_list":["post-8778","post","type-post","status-publish","format-standard","has-post-thumbnail","hentry","category-outras-noticias"],"_links":{"self":[{"href":"https:\/\/tvc16.com\/portal\/wp-json\/wp\/v2\/posts\/8778","targetHints":{"allow":["GET"]}}],"collection":[{"href":"https:\/\/tvc16.com\/portal\/wp-json\/wp\/v2\/posts"}],"about":[{"href":"https:\/\/tvc16.com\/portal\/wp-json\/wp\/v2\/types\/post"}],"author":[{"embeddable":true,"href":"https:\/\/tvc16.com\/portal\/wp-json\/wp\/v2\/users\/2"}],"replies":[{"embeddable":true,"href":"https:\/\/tvc16.com\/portal\/wp-json\/wp\/v2\/comments?post=8778"}],"version-history":[{"count":1,"href":"https:\/\/tvc16.com\/portal\/wp-json\/wp\/v2\/posts\/8778\/revisions"}],"predecessor-version":[{"id":8780,"href":"https:\/\/tvc16.com\/portal\/wp-json\/wp\/v2\/posts\/8778\/revisions\/8780"}],"wp:featuredmedia":[{"embeddable":true,"href":"https:\/\/tvc16.com\/portal\/wp-json\/wp\/v2\/media\/8779"}],"wp:attachment":[{"href":"https:\/\/tvc16.com\/portal\/wp-json\/wp\/v2\/media?parent=8778"}],"wp:term":[{"taxonomy":"category","embeddable":true,"href":"https:\/\/tvc16.com\/portal\/wp-json\/wp\/v2\/categories?post=8778"},{"taxonomy":"post_tag","embeddable":true,"href":"https:\/\/tvc16.com\/portal\/wp-json\/wp\/v2\/tags?post=8778"}],"curies":[{"name":"wp","href":"https:\/\/api.w.org\/{rel}","templated":true}]}}