{"id":8781,"date":"2020-12-26T12:44:43","date_gmt":"2020-12-26T15:44:43","guid":{"rendered":"https:\/\/tvc16.com\/portal\/?p=8781"},"modified":"2020-12-26T14:06:54","modified_gmt":"2020-12-26T17:06:54","slug":"presidente-da-camara-municipal-de-petropolis-sera-prefeito-interino-por-conta-disto-disputa-aumenta-agora-ja-sao-quatro-candidatos","status":"publish","type":"post","link":"https:\/\/tvc16.com\/portal\/2020\/12\/26\/presidente-da-camara-municipal-de-petropolis-sera-prefeito-interino-por-conta-disto-disputa-aumenta-agora-ja-sao-quatro-candidatos\/","title":{"rendered":"Presidente da C\u00e2mara Municipal de Petr\u00f3polis, ser\u00e1 prefeito interino. Por conta disto, disputa aumenta. Agora j\u00e1 s\u00e3o quatro candidatos"},"content":{"rendered":"\n<p>Quando havia ainda a possibilidade de Rubens Bomtempo ser diplomado, a presid\u00eancia da C\u00e2mara n\u00e3o era t\u00e3o atraente, e apenas o atual presidente,\u00a0 Hingo Hammes estava na disputa. Com a possibilidade de ser prefeito por alguns meses, mais vereadores se candidataram ao cargo. S\u00e3o eles agora, al\u00e9m de Hingo Hammes (DEM) que j\u00e1 havia dito ser candidato; Gilda Beatriz (PSD),\u00a0 Yuri Moura (PSOL) e Marcelo Lessa (SOLIDARIEDADE).<\/p>\n\n\n\n<p>Vale lembrar que a elei\u00e7\u00e3o ser\u00e1 dia primeiro de janeiro de 2021.<\/p>\n\n\n\n<p>Vamos saber agora porque cada um quer ser presidente da C\u00e2mara:<\/p>\n\n\n\n<figure class=\"wp-block-image size-large\"><img loading=\"lazy\" decoding=\"async\" width=\"1024\" height=\"576\" src=\"https:\/\/tvc16.com\/portal\/wp-content\/uploads\/2020\/12\/IMG-20201117-WA0128-1024x576.jpg\" alt=\"\" class=\"wp-image-8427\" srcset=\"https:\/\/tvc16.com\/portal\/wp-content\/uploads\/2020\/12\/IMG-20201117-WA0128-1024x576.jpg 1024w, https:\/\/tvc16.com\/portal\/wp-content\/uploads\/2020\/12\/IMG-20201117-WA0128-300x169.jpg 300w, https:\/\/tvc16.com\/portal\/wp-content\/uploads\/2020\/12\/IMG-20201117-WA0128-768x432.jpg 768w, https:\/\/tvc16.com\/portal\/wp-content\/uploads\/2020\/12\/IMG-20201117-WA0128.jpg 1280w\" sizes=\"auto, (max-width: 1024px) 100vw, 1024px\" \/><figcaption>Hingo Hammes (atual presidente da CMP)<\/figcaption><\/figure>\n\n\n\n<p>&#8220;Quando me candidatei \u00e0 presid\u00eancia da Casa, em 2019, tinha de maneira muito clara o que eu desejava: queria resgatar a credibilidade do Legislativo, queria trabalhar de forma s\u00e9ria e respons\u00e1vel, usando o di\u00e1logo como principal ferramenta para a gest\u00e3o da Casa, para trabalhar em projetos e a\u00e7\u00f5es em benef\u00edcio da popula\u00e7\u00e3o e para acompanhar e fiscalizar as a\u00e7\u00f5es do Executivo. Fizemos muito, mas, num ano como o que vivemos, de pandemia, muita coisa acabou sendo adiada. Quero fazer mais. Sei que posso contribuir muito para melhorar a vida das pessoas. As pessoas querem se sentir representadas por aqueles que elas elegem e levo isso muito a s\u00e9rio.<br>Sobre a transi\u00e7\u00e3o: \u00c9 claro que toda essa quest\u00e3o relativa \u00e0 Prefeitura nos preocupa. O presidente da C\u00e2mara a ser eleito em 1\u00b0 de janeiro ter\u00e1 a enorme responsabilidade de assumir a Prefeitura interinamente em meio \u00e0 pandemia e em pleno ver\u00e3o, quando geralmente h\u00e1 maior volume de chuvas na Regi\u00e3o Serrana. \u00c9 uma responsabilidade e tanto, que demanda n\u00e3o apenas experi\u00eancia administrativa mas, principalmente, di\u00e1logo. Tentamos um consenso entre os vereadores eleitos, de forma que fosse poss\u00edvel fazer agora a transi\u00e7\u00e3o de governo, mas isso n\u00e3o foi poss\u00edvel. O que posso garantir \u00e9 que, se for da vontade da maioria, vou encarar este desafio com toda a garra necess\u00e1ria neste momento&#8221;, afirmou Hingo Hammes. <\/p>\n\n\n\n<figure class=\"wp-block-image size-large\"><img loading=\"lazy\" decoding=\"async\" width=\"1024\" height=\"682\" src=\"https:\/\/tvc16.com\/portal\/wp-content\/uploads\/2020\/12\/IMG-20201226-WA0038-1024x682.jpg\" alt=\"\" class=\"wp-image-8782\" srcset=\"https:\/\/tvc16.com\/portal\/wp-content\/uploads\/2020\/12\/IMG-20201226-WA0038-1024x682.jpg 1024w, https:\/\/tvc16.com\/portal\/wp-content\/uploads\/2020\/12\/IMG-20201226-WA0038-300x200.jpg 300w, https:\/\/tvc16.com\/portal\/wp-content\/uploads\/2020\/12\/IMG-20201226-WA0038-768x512.jpg 768w, https:\/\/tvc16.com\/portal\/wp-content\/uploads\/2020\/12\/IMG-20201226-WA0038-900x600.jpg 900w, https:\/\/tvc16.com\/portal\/wp-content\/uploads\/2020\/12\/IMG-20201226-WA0038.jpg 1280w\" sizes=\"auto, (max-width: 1024px) 100vw, 1024px\" \/><figcaption>Yuri  Moura <\/figcaption><\/figure>\n\n\n\n<p>&#8220;Estou a disposi\u00e7\u00e3o da minha cidade, 2021 n\u00e3o ser\u00e1 f\u00e1cil, e na condi\u00e7\u00e3o de vereador mais votado disparado quero dar o meu m\u00e1ximo junto de quem sonha com uma Petr\u00f3polis de oportunidades!<br>Estou confiante na nova forma\u00e7\u00e3o da C\u00e2mara Municipal, tenho visto muita seriedade em v\u00e1rios colegas que vieram nessa renova\u00e7\u00e3o. \u00c9 hora de muito trabalho e transpar\u00eancia!&#8221;.<\/p>\n\n\n\n<p>Caso eu seja eleito prefeito em exerc\u00edcio, vou cortar 30% dos cargos comissionados e buscar recursos federais e estaduais para superarmos a crise na administra\u00e7\u00e3o p\u00fablica. Precisamos reorganizar a rede de sa\u00fade, contratar m\u00e9dicos e outros profissionais da sa\u00fade pagando bem. \u00c9 urgente obrigar as empresas de \u00f4nibus a retomarem suas frotas, o povo t\u00e1 sofrendo com poucos \u00f4nibus e hor\u00e1rios. Tamb\u00e9m vamos melhorar o ensino remoto buscando garantir acesso \u00e0 internet para todos os alunos, melhorando a plataforma de ensino e n\u00e3o sobrecarregando as educadoras. Uma boa ideia \u00e9 envolver os profissionais que estavam por RPA e est\u00e3o abandonados desde mar\u00e7o, disse Yuri Moura.<\/p>\n\n\n\n<figure class=\"wp-block-image size-large\"><img loading=\"lazy\" decoding=\"async\" width=\"1024\" height=\"602\" src=\"https:\/\/tvc16.com\/portal\/wp-content\/uploads\/2020\/12\/IMG-20201226-WA0010.jpg\" alt=\"\" class=\"wp-image-8783\" srcset=\"https:\/\/tvc16.com\/portal\/wp-content\/uploads\/2020\/12\/IMG-20201226-WA0010.jpg 1024w, https:\/\/tvc16.com\/portal\/wp-content\/uploads\/2020\/12\/IMG-20201226-WA0010-300x176.jpg 300w, https:\/\/tvc16.com\/portal\/wp-content\/uploads\/2020\/12\/IMG-20201226-WA0010-768x452.jpg 768w\" sizes=\"auto, (max-width: 1024px) 100vw, 1024px\" \/><figcaption>Gilda Beatriz<\/figcaption><\/figure>\n\n\n\n<p>\u201cNeste final de ano, a cidade de Petr\u00f3polis est\u00e1 enfrentando um dos momentos mais dif\u00edceis de sua hist\u00f3ria. Com a pandemia, os impactos das chuvas e a atual crise econ\u00f4mica que enfrentamos. Al\u00e9m disso, infelizmente, estamos vivendo uma instabilidade pol\u00edtica gigantesca, com a possibilidade de novas elei\u00e7\u00f5es para Prefeito j\u00e1 no pr\u00f3ximo ano. \u00c9 exatamente neste momento que n\u00e3o podemos nos omitir e precisamos lutar pela nossa querida cidade. Coloco o meu nome \u00e0 disposi\u00e7\u00e3o para a Presid\u00eancia da C\u00e2mara Municipal de Petr\u00f3polis e, consecutivamente, a prefeita Interina da nossa cidade. A decis\u00e3o vem por entender que, em um momento dif\u00edcil, precisamos trabalhar por aquilo que \u00e9 mais importante: os nossos cidad\u00e3os e reafirmar o que ficou claro nas urnas, n\u00e3o podemos permitir continua\u00e7\u00e3o do atual governo\u201d, afirmou Gilda Beatriz.<\/p>\n\n\n\n<div class=\"wp-block-image\"><figure class=\"aligncenter size-large\"><img loading=\"lazy\" decoding=\"async\" width=\"161\" height=\"225\" src=\"https:\/\/tvc16.com\/portal\/wp-content\/uploads\/2020\/12\/images-28.jpeg\" alt=\"\" class=\"wp-image-8784\"\/><figcaption>Marcelo Lessa<\/figcaption><\/figure><\/div>\n\n\n\n<p>&#8221; Coloco meu nome \u00e0 disposi\u00e7\u00e3o porque precisamos fazer uma ruptura com o governo Bernardo Rossi que, inclusive, tem o seu candidato preferido a Presid\u00eancia de C\u00e2mara. A popula\u00e7\u00e3o n\u00e3o quer mais a continuidade desse (des)governo. N\u00e3o t\u00eam m\u00e9dicos nas Upas. O coronav\u00edrus tende a aumentar nos meses de janeiro e fevereiro e n\u00e3o existe protocolos e di\u00e1logo com a comunidade m\u00e9dica. Precisamos tomar ci\u00eancia dos n\u00fameros na Secretaria de Fazenda. O m\u00eas de janeiro se aproxima e as chuvas tamb\u00e9m \u00e9 uma preocupa\u00e7\u00e3o. Nossa cidade precisa de um comando, de um norte!&#8221;, disse Marcelo Lessa<\/p>\n\n\n\n<p><\/p>\n","protected":false},"excerpt":{"rendered":"<p>Quando havia ainda a possibilidade de Rubens Bomtempo ser diplomado, a presid\u00eancia da C\u00e2mara n\u00e3o<\/p>\n","protected":false},"author":2,"featured_media":8785,"comment_status":"open","ping_status":"open","sticky":false,"template":"","format":"standard","meta":{"footnotes":""},"categories":[12],"tags":[],"class_list":["post-8781","post","type-post","status-publish","format-standard","has-post-thumbnail","hentry","category-cidade"],"_links":{"self":[{"href":"https:\/\/tvc16.com\/portal\/wp-json\/wp\/v2\/posts\/8781","targetHints":{"allow":["GET"]}}],"collection":[{"href":"https:\/\/tvc16.com\/portal\/wp-json\/wp\/v2\/posts"}],"about":[{"href":"https:\/\/tvc16.com\/portal\/wp-json\/wp\/v2\/types\/post"}],"author":[{"embeddable":true,"href":"https:\/\/tvc16.com\/portal\/wp-json\/wp\/v2\/users\/2"}],"replies":[{"embeddable":true,"href":"https:\/\/tvc16.com\/portal\/wp-json\/wp\/v2\/comments?post=8781"}],"version-history":[{"count":4,"href":"https:\/\/tvc16.com\/portal\/wp-json\/wp\/v2\/posts\/8781\/revisions"}],"predecessor-version":[{"id":8789,"href":"https:\/\/tvc16.com\/portal\/wp-json\/wp\/v2\/posts\/8781\/revisions\/8789"}],"wp:featuredmedia":[{"embeddable":true,"href":"https:\/\/tvc16.com\/portal\/wp-json\/wp\/v2\/media\/8785"}],"wp:attachment":[{"href":"https:\/\/tvc16.com\/portal\/wp-json\/wp\/v2\/media?parent=8781"}],"wp:term":[{"taxonomy":"category","embeddable":true,"href":"https:\/\/tvc16.com\/portal\/wp-json\/wp\/v2\/categories?post=8781"},{"taxonomy":"post_tag","embeddable":true,"href":"https:\/\/tvc16.com\/portal\/wp-json\/wp\/v2\/tags?post=8781"}],"curies":[{"name":"wp","href":"https:\/\/api.w.org\/{rel}","templated":true}]}}