{"id":8790,"date":"2020-12-26T18:06:45","date_gmt":"2020-12-26T21:06:45","guid":{"rendered":"https:\/\/tvc16.com\/portal\/?p=8790"},"modified":"2020-12-26T18:06:47","modified_gmt":"2020-12-26T21:06:47","slug":"chuvas-em-petropolis-defesa-civil-permanece-em-estado-de-atencao","status":"publish","type":"post","link":"https:\/\/tvc16.com\/portal\/2020\/12\/26\/chuvas-em-petropolis-defesa-civil-permanece-em-estado-de-atencao\/","title":{"rendered":"Chuvas em Petr\u00f3polis: Defesa Civil permanece em estado de aten\u00e7\u00e3o"},"content":{"rendered":"\n<p>O prefeito Bernardo Rossi esteve neste s\u00e1bado (26) na Rua do T\u00fanel, no Centro, onde foi registrado um deslizamento de pedra, ocasionado pela chuva, na \u00faltima quinta-feira (25). Acompanhado pelo vice-prefeito Baninho e pelo Coronel Paulo Renato Vaz, secret\u00e1rio de Defesa Civil e A\u00e7\u00f5es Volunt\u00e1rias, Bernardo Rossi destacou que as equipes da prefeitura continuam de prontid\u00e3o.<\/p>\n\n\n\n<figure class=\"wp-block-image size-large\"><img loading=\"lazy\" decoding=\"async\" width=\"1024\" height=\"768\" src=\"https:\/\/tvc16.com\/portal\/wp-content\/uploads\/2020\/12\/WhatsApp-Image-2020-12-26-at-10_57_20-3-1024x768.jpeg\" alt=\"\" class=\"wp-image-8791\" srcset=\"https:\/\/tvc16.com\/portal\/wp-content\/uploads\/2020\/12\/WhatsApp-Image-2020-12-26-at-10_57_20-3-1024x768.jpeg 1024w, https:\/\/tvc16.com\/portal\/wp-content\/uploads\/2020\/12\/WhatsApp-Image-2020-12-26-at-10_57_20-3-300x225.jpeg 300w, https:\/\/tvc16.com\/portal\/wp-content\/uploads\/2020\/12\/WhatsApp-Image-2020-12-26-at-10_57_20-3-768x576.jpeg 768w, https:\/\/tvc16.com\/portal\/wp-content\/uploads\/2020\/12\/WhatsApp-Image-2020-12-26-at-10_57_20-3-200x150.jpeg 200w, https:\/\/tvc16.com\/portal\/wp-content\/uploads\/2020\/12\/WhatsApp-Image-2020-12-26-at-10_57_20-3.jpeg 1280w\" sizes=\"auto, (max-width: 1024px) 100vw, 1024px\" \/><\/figure>\n\n\n\n<p>&nbsp;&nbsp;&nbsp;&nbsp;&nbsp;&nbsp;&nbsp;&nbsp;&nbsp;&nbsp;&nbsp; \u201cAs equipes da Defesa Civil continuam em alerta e a Assist\u00eancia Social est\u00e1 dando todo o suporte necess\u00e1rio para as fam\u00edlias que precisaram deixar suas casas. Todas as equipes da prefeitura est\u00e3o a postos para auxiliar a popula\u00e7\u00e3o no que for necess\u00e1rio\u201d, informou Bernardo Rossi.<\/p>\n\n\n\n<p>&nbsp;&nbsp;&nbsp;&nbsp;&nbsp;&nbsp;&nbsp;&nbsp;&nbsp;&nbsp;&nbsp; A Rua do t\u00fanel foi interditada preventivamente na quinta-feira. Importante destacar que o t\u00fanel j\u00e1 tem um pequeno hist\u00f3rico de deslizamentos e rolamento de pedras, pr\u00f3ximo ao acesso. Neste s\u00e1bado, agentes da DC retornaram ao local e fizeram uma avalia\u00e7\u00e3o t\u00e9cnica. O local continua interditado, com acesso restrito somente a moradores.<\/p>\n\n\n\n<p>&nbsp;&nbsp;&nbsp;&nbsp;&nbsp;&nbsp;&nbsp;&nbsp;&nbsp;&nbsp;&nbsp; Segundo a avalia\u00e7\u00e3o da equipe da DC, ser\u00e1 encaminhada a Secretaria de Obras um relat\u00f3rio que aponta a necessidade de obras de conten\u00e7\u00e3o e reestrutura\u00e7\u00e3o para retornar a condi\u00e7\u00e3o de seguran\u00e7a do local ao normal.<\/p>\n","protected":false},"excerpt":{"rendered":"<p>O prefeito Bernardo Rossi esteve neste s\u00e1bado (26) na Rua do T\u00fanel, no Centro, onde<\/p>\n","protected":false},"author":2,"featured_media":8792,"comment_status":"open","ping_status":"open","sticky":false,"template":"","format":"standard","meta":{"footnotes":""},"categories":[12],"tags":[],"class_list":["post-8790","post","type-post","status-publish","format-standard","has-post-thumbnail","hentry","category-cidade"],"_links":{"self":[{"href":"https:\/\/tvc16.com\/portal\/wp-json\/wp\/v2\/posts\/8790","targetHints":{"allow":["GET"]}}],"collection":[{"href":"https:\/\/tvc16.com\/portal\/wp-json\/wp\/v2\/posts"}],"about":[{"href":"https:\/\/tvc16.com\/portal\/wp-json\/wp\/v2\/types\/post"}],"author":[{"embeddable":true,"href":"https:\/\/tvc16.com\/portal\/wp-json\/wp\/v2\/users\/2"}],"replies":[{"embeddable":true,"href":"https:\/\/tvc16.com\/portal\/wp-json\/wp\/v2\/comments?post=8790"}],"version-history":[{"count":1,"href":"https:\/\/tvc16.com\/portal\/wp-json\/wp\/v2\/posts\/8790\/revisions"}],"predecessor-version":[{"id":8793,"href":"https:\/\/tvc16.com\/portal\/wp-json\/wp\/v2\/posts\/8790\/revisions\/8793"}],"wp:featuredmedia":[{"embeddable":true,"href":"https:\/\/tvc16.com\/portal\/wp-json\/wp\/v2\/media\/8792"}],"wp:attachment":[{"href":"https:\/\/tvc16.com\/portal\/wp-json\/wp\/v2\/media?parent=8790"}],"wp:term":[{"taxonomy":"category","embeddable":true,"href":"https:\/\/tvc16.com\/portal\/wp-json\/wp\/v2\/categories?post=8790"},{"taxonomy":"post_tag","embeddable":true,"href":"https:\/\/tvc16.com\/portal\/wp-json\/wp\/v2\/tags?post=8790"}],"curies":[{"name":"wp","href":"https:\/\/api.w.org\/{rel}","templated":true}]}}